{"id":2583,"date":"2015-10-08T05:58:18","date_gmt":"2015-10-08T05:58:18","guid":{"rendered":"https:\/\/codexflores.ch\/index.php\/2015\/10\/08\/dennis-russell-davies-mit-knieverletzung\/"},"modified":"2015-10-08T05:58:18","modified_gmt":"2015-10-08T05:58:18","slug":"dennis-russell-davies-mit-knieverletzung","status":"publish","type":"post","link":"https:\/\/codexflores.ch\/index.php\/2015\/10\/08\/dennis-russell-davies-mit-knieverletzung\/","title":{"rendered":"Dennis Russell Davies mit Knieverletzung"},"content":{"rendered":"<p><span class=\"ueberschrift\" style=\"font-family: arial,helvetica,sans-serif; font-size: small;\"><span class=\"normal\">08.10.2015 &#8212; Dennis Russell Davies, <span class=\"ueberschrift\"><span class=\"normal\">Chefdirigent des Bruckner Orchesters Linz und bis 2016 Chefdirigent des Sinfonieorchesters Basel, ist u<\/span><\/span>nmittelbar vor einem Konzert in der Basilika Puchheim in \u00d6sterreich gest\u00fcrzt; dabei hat er sich am Oberschenkel erheblich verletzt.<\/span><\/span><\/p>\n<p>\u00a0<\/p>\n<p><span style=\"font-family: arial,helvetica,sans-serif; font-size: small;\"><strong><span class=\"ueberschrift\"><span class=\"normal\"><span class=\"ueberschrift\"><span class=\"normal\">08.10.2015 &#8212; Dennis Russell Davies, <span class=\"ueberschrift\"><span class=\"normal\">Chefdirigent des Bruckner Orchesters Linz und bis 2016 Chefdirigent des Sinfonieorchesters Basel, ist u<\/span><\/span>nmittelbar vor einem Konzert in der Basilika Puchheim in \u00d6sterreich gest\u00fcrzt; dabei hat er sich\u00a0 am Oberschenkel erheblich verletzt.<\/span><\/span><\/span><\/span><\/strong><\/span><\/p>\n<p><span class=\"ueberschrift\" style=\"font-family: arial,helvetica,sans-serif; font-size: small;\"><span class=\"normal\">\u00a0<\/span><\/span><\/p>\n<p><span class=\"ueberschrift\" style=\"font-family: arial,helvetica,sans-serif; font-size: small;\"><span class=\"normal\">Laut einer Mitteilung des Bruckner Orchesters ist er im Landeskrankenhaus V\u00f6cklabruck in der Folge erfolgreich operiert worden. Allerdings f\u00e4llt er f\u00fcr einige Termine aus. <br \/><\/span><\/span><\/p>\n<p><span class=\"ueberschrift\" style=\"font-family: arial,helvetica,sans-serif; font-size: small;\"><span class=\"normal\">\u00a0<\/span><\/span><\/p>\n<p><span class=\"ueberschrift\"><span class=\"normal\"><span style=\"font-family: arial,helvetica,sans-serif; font-size: small;\">Von 1997 bis 2002 war\u00a0<span class=\"ueberschrift\"><span class=\"normal\"><span class=\"ueberschrift\"><span class=\"normal\">Dennis Russell Davies<\/span><\/span><\/span><\/span> Chefdirigent des Radio-Symphonieorchesters Wien, von 1997 bis 2012 Professor am Mozarteum Salzburg und von 1995 bis 2006 Chefdirigent des Stuttgarter Kammerorchesters. Seit 2002 ist er Chefdirigent des Bruckner Orchesters Linz und Opernchef am Landestheater Linz. In Basel l\u00f6st ihn 2016 Ivor Bolton ab.<em> (cf)<\/em><\/span><br \/><\/span><\/span><\/p>\n","protected":false},"excerpt":{"rendered":"<p><span class=\"ueberschrift\" style=\"font-family: arial,helvetica,sans-serif; font-size: small;\"><span class=\"normal\">08.10.2015 &#8212; Dennis Russell Davies, <span class=\"ueberschrift\"><span class=\"normal\">Chefdirigent des Bruckner Orchesters Linz und bis 2016 Chefdirigent des Sinfonieorchesters Basel, ist u<\/span><\/span>nmittelbar vor einem Konzert in der Basilika Puchheim in \u00d6sterreich gest\u00fcrzt; dabei hat er sich am Oberschenkel erheblich verletzt.<\/span><\/span><\/p>\n","protected":false},"author":1,"featured_media":0,"comment_status":"open","ping_status":"open","sticky":false,"template":"","format":"standard","meta":{"footnotes":""},"categories":[2],"tags":[],"class_list":["post-2583","post","type-post","status-publish","format-standard","hentry","category-nachrichten","entry"],"_links":{"self":[{"href":"https:\/\/codexflores.ch\/index.php\/wp-json\/wp\/v2\/posts\/2583","targetHints":{"allow":["GET"]}}],"collection":[{"href":"https:\/\/codexflores.ch\/index.php\/wp-json\/wp\/v2\/posts"}],"about":[{"href":"https:\/\/codexflores.ch\/index.php\/wp-json\/wp\/v2\/types\/post"}],"author":[{"embeddable":true,"href":"https:\/\/codexflores.ch\/index.php\/wp-json\/wp\/v2\/users\/1"}],"replies":[{"embeddable":true,"href":"https:\/\/codexflores.ch\/index.php\/wp-json\/wp\/v2\/comments?post=2583"}],"version-history":[{"count":0,"href":"https:\/\/codexflores.ch\/index.php\/wp-json\/wp\/v2\/posts\/2583\/revisions"}],"wp:attachment":[{"href":"https:\/\/codexflores.ch\/index.php\/wp-json\/wp\/v2\/media?parent=2583"}],"wp:term":[{"taxonomy":"category","embeddable":true,"href":"https:\/\/codexflores.ch\/index.php\/wp-json\/wp\/v2\/categories?post=2583"},{"taxonomy":"post_tag","embeddable":true,"href":"https:\/\/codexflores.ch\/index.php\/wp-json\/wp\/v2\/tags?post=2583"}],"curies":[{"name":"wp","href":"https:\/\/api.w.org\/{rel}","templated":true}]}}