{"id":2588,"date":"2015-10-12T05:46:04","date_gmt":"2015-10-12T05:46:04","guid":{"rendered":"https:\/\/codexflores.ch\/index.php\/2015\/10\/12\/orchestervereinigung-begruesst-ttip-papier\/"},"modified":"2015-10-12T05:46:04","modified_gmt":"2015-10-12T05:46:04","slug":"orchestervereinigung-begruesst-ttip-papier","status":"publish","type":"post","link":"https:\/\/codexflores.ch\/index.php\/2015\/10\/12\/orchestervereinigung-begruesst-ttip-papier\/","title":{"rendered":"Orchestervereinigung begr\u00fcsst TTIP-Papier"},"content":{"rendered":"<p><span style=\"font-family: arial,helvetica,sans-serif; font-size: small;\">12.10.2015 &#8212; Die deutsche Bundesregierung hat erkl\u00e4rt, in den Vertragstext des geplanten Freihandelsabkommens TTIP der EU mit den USA \u00abkonkrete Formulierungen und zielgenaue Klauseln\u00bb zum Schutz von Kultur und Medien aufzunehmen. Der Deutschen Orchestervereinigung (DOV) gef\u00e4llt das.<\/span><\/p>\n<p>\u00a0<\/p>\n<p><span style=\"font-family: arial,helvetica,sans-serif; font-size: small;\"><strong>12.10.2015 &#8212; Die deutsche Bundesregierung hat erkl\u00e4rt, in den Vertragstext des geplanten Freihandelsabkommens TTIP der EU mit den USA <span style=\"font-family: arial,helvetica,sans-serif; font-size: small;\">\u00ab<\/span>konkrete Formulierungen und zielgenaue Klauseln<span style=\"font-family: arial,helvetica,sans-serif; font-size: small;\">\u00bb<\/span> zum Schutz von Kultur und Medien aufzunehmen. Der Deutschen Orchestervereinigung (DOV) gef\u00e4llt das.<\/strong><\/span><\/p>\n<p>\u00a0<\/p>\n<p><span style=\"font-family: arial,helvetica,sans-serif; font-size: small;\">Ein entsprechendes gemeinsames Positionspapier legten gestern Bundeswirtschaftsminister Sigmar Gabriel (SPD) und Kulturstaatsministerin Monika Gr\u00fctters (CDU) der \u00d6ffentlichkeit vor. Im Verhandlungsprozess komme es nun darauf an, dass einzelne Teile des Kulturbereichs oder der \u00f6ffentlichen Daseinsvorsorge auch bei den Abschlussgespr\u00e4chen nicht zur Disposition stehen, sagt DOV-Gesch\u00e4ftsf\u00fchrer Mertens.<\/span><\/p>\n<p>\u00a0<\/p>\n<p><span style=\"font-family: arial,helvetica,sans-serif; font-size: small;\"> W\u00fcnschenswert sei auch, so Mertens weiter, dass bei k\u00fcnftigen Abkommen nicht jedes Mal von neuem f\u00fcr den Kulturbereich ein Schutzstatus eingefordert werden m\u00fcsse. Wenn also Deutschland oder die Europ\u00e4ische Union k\u00fcnftig weitere Abkommen aushandelten, m\u00fcsse der Kulturbereich von vornherein aus dem Verhandlungsmandat ausgeschlossen werden. <em>(cf)<\/em><\/span><\/p>\n","protected":false},"excerpt":{"rendered":"<p><span style=\"font-family: arial,helvetica,sans-serif; font-size: small;\">12.10.2015 &#8212; Die deutsche Bundesregierung hat erkl\u00e4rt, in den Vertragstext des geplanten Freihandelsabkommens TTIP der EU mit den USA \u00abkonkrete Formulierungen und zielgenaue Klauseln\u00bb zum Schutz von Kultur und Medien aufzunehmen. Der Deutschen Orchestervereinigung (DOV) gef\u00e4llt das.<\/span><\/p>\n","protected":false},"author":1,"featured_media":0,"comment_status":"open","ping_status":"open","sticky":false,"template":"","format":"standard","meta":{"footnotes":""},"categories":[2],"tags":[],"class_list":["post-2588","post","type-post","status-publish","format-standard","hentry","category-nachrichten","entry"],"_links":{"self":[{"href":"https:\/\/codexflores.ch\/index.php\/wp-json\/wp\/v2\/posts\/2588","targetHints":{"allow":["GET"]}}],"collection":[{"href":"https:\/\/codexflores.ch\/index.php\/wp-json\/wp\/v2\/posts"}],"about":[{"href":"https:\/\/codexflores.ch\/index.php\/wp-json\/wp\/v2\/types\/post"}],"author":[{"embeddable":true,"href":"https:\/\/codexflores.ch\/index.php\/wp-json\/wp\/v2\/users\/1"}],"replies":[{"embeddable":true,"href":"https:\/\/codexflores.ch\/index.php\/wp-json\/wp\/v2\/comments?post=2588"}],"version-history":[{"count":0,"href":"https:\/\/codexflores.ch\/index.php\/wp-json\/wp\/v2\/posts\/2588\/revisions"}],"wp:attachment":[{"href":"https:\/\/codexflores.ch\/index.php\/wp-json\/wp\/v2\/media?parent=2588"}],"wp:term":[{"taxonomy":"category","embeddable":true,"href":"https:\/\/codexflores.ch\/index.php\/wp-json\/wp\/v2\/categories?post=2588"},{"taxonomy":"post_tag","embeddable":true,"href":"https:\/\/codexflores.ch\/index.php\/wp-json\/wp\/v2\/tags?post=2588"}],"curies":[{"name":"wp","href":"https:\/\/api.w.org\/{rel}","templated":true}]}}