{"id":259,"date":"2014-01-10T10:57:12","date_gmt":"2014-01-10T10:57:12","guid":{"rendered":"https:\/\/codexflores.ch\/index.php\/2014\/01\/10\/geschichte-der-berliner-philharmoniker\/"},"modified":"2014-01-10T10:57:12","modified_gmt":"2014-01-10T10:57:12","slug":"geschichte-der-berliner-philharmoniker","status":"publish","type":"post","link":"https:\/\/codexflores.ch\/index.php\/2014\/01\/10\/geschichte-der-berliner-philharmoniker\/","title":{"rendered":"Geschichte der Berliner Philharmoniker"},"content":{"rendered":"<p><span class=\"txt-m-black\"><img decoding=\"async\" src=\"http:\/\/212.60.37.143\/bilder\/2007\/070421berliner.jpg\" border=\"0\" align=\"left\" \/><em>21.04.2007 &#8212;<\/em> Es gibt B\u00fccher, die man mit Vorteil in einem Zug durchliest, um das in den Blick zu bekommen, was die Engl\u00e4nder mit \u00abThe Big Picture\u00bb umschreiben. Ein solches ist die \u00abBiografie\u00bb der Berliner Philharmoniker, die der Kulturpublizist Herbert Haffner vorlegt. Mit der vor vier Jahren erschienen Furtw\u00e4ngler-Biografie hat er bereits beweisen, dass er einer der besten Kenner der Historie des Orchesters ist.<\/p>\n<p> Die Tendenz, die Geschicke des Ensemble vor allem mit dem Fokus auf die Geschichte ihrer Dirigenten zu erz\u00e4hlen, wird aber auch in Haffners neuester Publikation offenkundig \u2013 sogar die Kapitel strukturieren die Episoden anhand der Temperamente der Taktstockvirtuosen und nicht der Befindlichkeit des Orchesters selber: Material- und anekdotenreich erz\u00e4hlt sich der Autor durch die \u00c4ras von Bilse dem \u00abSparsamen\u00bb, B\u00fclow dem \u00abMissionar\u00bb, dem \u00abMagier\u00bb Nikisch, dem \u00abMusikgott\u00bb Furtw\u00e4ngler, dem \u00abMedienimperator\u00bb Karajan, dem \u00abPultdemokraten\u00bb Abbado bis hin zur \u00abZukunft@BPhil\u00bb unter dem smarten Rattle.<\/p>\n<p> Vieles in den Geschicken des Ensembles ist zugleich h\u00f6chstvergn\u00fcglich und verst\u00f6rend. Man erf\u00e4hrt im s\u00fcffigen Stil des Chronisten etwa Details \u00fcber das legend\u00e4re Konzert von 1929 der Wiener Dirigentin Lise Maria Mayer, zu dem deren Mann \u2013 um den Saal zu f\u00fcllen \u2013 mit einer anonymen Anzeige dutzende von heiratswilligen M\u00e4nnern eingeladen hatte und damit einen Ohnmachtsanfall der bedauernswerten Komponistin provozierte.<\/p>\n<p> Penibel und differenziert werden aber auch die dunklen Kapitel der Naziherrschaft und das zwiesp\u00e4ltige Verhalten Furtw\u00e4nglers ausgeleuchtet, und Geschichten wie der tragische Tod des ersten Nachkriegsdirigenten Leo Borchard wirken auf eine bizarre Art aktuell. Sein Sterben aufgrund eines Missverst\u00e4ndnisses britischer Soldaten w\u00e4hrend einer Ausgangssperre erinnert fatal an Ereignisse, wie sie uns heute aus dem Irak \u00fcbermittelt werden. Aber auch der Machtkampf Karajans mit dem M\u00e4nnerklub rund um die Anstellung der Klarinettistin Sabine Meyer findet ihren geb\u00fchrenden Platz.<\/p>\n<p> Trotz des Fokus&#8216; auf die Leiter und ihre Eigenheiten, der das Buch durchaus auch zu einer Geschichte der deutschen Dirigierkunst macht, ist die \u00abBiografie\u00bb ebenso ein St\u00fcck Sozial- und Wirtschaftsgeschichte des deutschen Musiklebens, das Fragen der Selbstverwaltung und des von der legend\u00e4ren \u00abConcertdirektion Wolff\u00bb nachhaltig gepr\u00e4gten Orchestermarketings, aber auch den Aufstieg und Fall der Tontr\u00e4gerindustrie beleuchtet. <em>(wb)<\/em><\/p>\n<p><em><span class=\"txt-s-black\" style=\"font-size: x-small;\"> Die Berliner Philharmoniker &#8211; Eine Biografie, von Herbert Haffner, Schott Verlag, Mainz 2007, ISBN 978-3-7957-0590-9.<\/span><\/em><\/span><\/p>\n","protected":false},"excerpt":{"rendered":"<p>21.04.2007 &#8212; Es gibt B\u00fccher, die man mit Vorteil in einem Zug durchliest, um das in den Blick zu bekommen,&#8230;<\/p>\n","protected":false},"author":1,"featured_media":0,"comment_status":"open","ping_status":"open","sticky":false,"template":"","format":"standard","meta":{"footnotes":""},"categories":[4],"tags":[],"class_list":["post-259","post","type-post","status-publish","format-standard","hentry","category-im-gespraech","entry"],"_links":{"self":[{"href":"https:\/\/codexflores.ch\/index.php\/wp-json\/wp\/v2\/posts\/259","targetHints":{"allow":["GET"]}}],"collection":[{"href":"https:\/\/codexflores.ch\/index.php\/wp-json\/wp\/v2\/posts"}],"about":[{"href":"https:\/\/codexflores.ch\/index.php\/wp-json\/wp\/v2\/types\/post"}],"author":[{"embeddable":true,"href":"https:\/\/codexflores.ch\/index.php\/wp-json\/wp\/v2\/users\/1"}],"replies":[{"embeddable":true,"href":"https:\/\/codexflores.ch\/index.php\/wp-json\/wp\/v2\/comments?post=259"}],"version-history":[{"count":0,"href":"https:\/\/codexflores.ch\/index.php\/wp-json\/wp\/v2\/posts\/259\/revisions"}],"wp:attachment":[{"href":"https:\/\/codexflores.ch\/index.php\/wp-json\/wp\/v2\/media?parent=259"}],"wp:term":[{"taxonomy":"category","embeddable":true,"href":"https:\/\/codexflores.ch\/index.php\/wp-json\/wp\/v2\/categories?post=259"},{"taxonomy":"post_tag","embeddable":true,"href":"https:\/\/codexflores.ch\/index.php\/wp-json\/wp\/v2\/tags?post=259"}],"curies":[{"name":"wp","href":"https:\/\/api.w.org\/{rel}","templated":true}]}}