{"id":2591,"date":"2015-10-13T05:49:10","date_gmt":"2015-10-13T05:49:10","guid":{"rendered":"https:\/\/codexflores.ch\/index.php\/2015\/10\/13\/preistraeger-der-festspiele-mecklenburg-vorpommern\/"},"modified":"2015-10-13T05:49:10","modified_gmt":"2015-10-13T05:49:10","slug":"preistraeger-der-festspiele-mecklenburg-vorpommern","status":"publish","type":"post","link":"https:\/\/codexflores.ch\/index.php\/2015\/10\/13\/preistraeger-der-festspiele-mecklenburg-vorpommern\/","title":{"rendered":"Preistr\u00e4ger der Festspiele Mecklenburg-Vorpommern"},"content":{"rendered":"<p><span style=\"font-family: arial,helvetica,sans-serif; font-size: small;\">13.10.2015 &#8212; Die Preistr\u00e4ger der Festspiele Mecklenburg-Vorpommern 2015 stehen fest: Ausgezeichnet werden der ungarische Trompeter Tam\u00e1s P\u00e1lfalvi, das Klaviertrio Trio Kar\u00e9nine und die Kontrabassistin Laur\u00e8ne Durantel aus Frankreich, der polnische Bratschist Krzysztof Chorzelski sowie der ebenfalls franz\u00f6sische Cellist Aur\u00e9lien Pascal.<\/span><\/p>\n<p><span style=\"font-family: arial,helvetica,sans-serif; font-size: small;\"><strong>13.10.2015 &#8212; Die Preistr\u00e4ger der Festspiele Mecklenburg-Vorpommern 2015 stehen fest: Ausgezeichnet werden der ungarische Trompeter Tam\u00e1s P\u00e1lfalvi, das Klaviertrio Trio Kar\u00e9nine und die Kontrabassistin Laur\u00e8ne Durantel aus Frankreich, der polnische Bratschist Krzysztof Chorzelski sowie der ebenfalls franz\u00f6sische Cellist Aur\u00e9lien Pascal.<\/strong><\/span><\/p>\n<p><span style=\"font-family: arial,helvetica,sans-serif; font-size: small;\">\u00a0<\/span><\/p>\n<p><span style=\"font-family: arial,helvetica,sans-serif; font-size: small;\">Den Wemag-Solistenpreis, der mit 5000 Euro dotiert ist, erh\u00e4lt der ungarische Trompeter Tam\u00e1s P\u00e1lfalvi. Der mit 10&#8217;000 Euro dotierte Nordmetall-Ensemblepreis geht an das franz\u00f6sische Klaviertrio Trio Kar\u00e9nine, die franz\u00f6sische Kontrabassistin Laur\u00e8ne Durantel und den polnischen Bratschisten Krzysztof Chorzelski. Die f\u00fcnf jungen Musiker, die erstmalig in dieser Besetzung auftraten, hatten mit Schuberts Forellenquintett \u00fcberzeugt. <\/span><\/p>\n<p>\u00a0<\/p>\n<p><span style=\"font-family: arial,helvetica,sans-serif; font-size: small;\">Der franz\u00f6sische Cellist Aur\u00e9lien Pascal bekommt den mit 5000 Euro dotierten Publikumspreis. Der junge franz\u00f6sische Musiker war mit Cello-Sonaten unter anderem von Beethoven, Debussy und Poulenc zu h\u00f6ren. <em>(cf)<\/em><\/span><\/p>\n<p><span style=\"font-family: arial,helvetica,sans-serif; font-size: small;\">\u00a0<\/span><\/p>\n","protected":false},"excerpt":{"rendered":"<p><span style=\"font-family: arial,helvetica,sans-serif; font-size: small;\">13.10.2015 &#8212; Die Preistr\u00e4ger der Festspiele Mecklenburg-Vorpommern 2015 stehen fest: Ausgezeichnet werden der ungarische Trompeter Tam\u00e1s P\u00e1lfalvi, das Klaviertrio Trio Kar\u00e9nine und die Kontrabassistin Laur\u00e8ne Durantel aus Frankreich, der polnische Bratschist Krzysztof Chorzelski sowie der ebenfalls franz\u00f6sische Cellist Aur\u00e9lien Pascal.<\/span><\/p>\n","protected":false},"author":1,"featured_media":0,"comment_status":"open","ping_status":"open","sticky":false,"template":"","format":"standard","meta":{"footnotes":""},"categories":[2],"tags":[],"class_list":["post-2591","post","type-post","status-publish","format-standard","hentry","category-nachrichten","entry"],"_links":{"self":[{"href":"https:\/\/codexflores.ch\/index.php\/wp-json\/wp\/v2\/posts\/2591","targetHints":{"allow":["GET"]}}],"collection":[{"href":"https:\/\/codexflores.ch\/index.php\/wp-json\/wp\/v2\/posts"}],"about":[{"href":"https:\/\/codexflores.ch\/index.php\/wp-json\/wp\/v2\/types\/post"}],"author":[{"embeddable":true,"href":"https:\/\/codexflores.ch\/index.php\/wp-json\/wp\/v2\/users\/1"}],"replies":[{"embeddable":true,"href":"https:\/\/codexflores.ch\/index.php\/wp-json\/wp\/v2\/comments?post=2591"}],"version-history":[{"count":0,"href":"https:\/\/codexflores.ch\/index.php\/wp-json\/wp\/v2\/posts\/2591\/revisions"}],"wp:attachment":[{"href":"https:\/\/codexflores.ch\/index.php\/wp-json\/wp\/v2\/media?parent=2591"}],"wp:term":[{"taxonomy":"category","embeddable":true,"href":"https:\/\/codexflores.ch\/index.php\/wp-json\/wp\/v2\/categories?post=2591"},{"taxonomy":"post_tag","embeddable":true,"href":"https:\/\/codexflores.ch\/index.php\/wp-json\/wp\/v2\/tags?post=2591"}],"curies":[{"name":"wp","href":"https:\/\/api.w.org\/{rel}","templated":true}]}}