{"id":2594,"date":"2015-10-14T05:31:58","date_gmt":"2015-10-14T05:31:58","guid":{"rendered":"https:\/\/codexflores.ch\/index.php\/2015\/10\/14\/petrenko-und-bachler-verlaengern-ihre-muenchner-vertraege\/"},"modified":"2015-10-14T05:31:58","modified_gmt":"2015-10-14T05:31:58","slug":"petrenko-und-bachler-verlaengern-ihre-muenchner-vertraege","status":"publish","type":"post","link":"https:\/\/codexflores.ch\/index.php\/2015\/10\/14\/petrenko-und-bachler-verlaengern-ihre-muenchner-vertraege\/","title":{"rendered":"Petrenko und Bachler verl\u00e4ngern ihre M\u00fcnchner Vertr\u00e4ge"},"content":{"rendered":"<p><span style=\"font-family: arial,helvetica,sans-serif; font-size: small;\">14.10.2015 &#8212; Staatsintendant Nikolaus Bachler und Generalmusikdirektor Kirill Petrenko verl\u00e4ngern ihre laufenden Vertr\u00e4ge an der Bayerischen Staatsoper bis Ende August 2021.<\/span><\/p>\n<p><span style=\"font-family: arial,helvetica,sans-serif; font-size: small;\"><strong>14.10.2015 &#8212; Staatsintendant Nikolaus Bachler und Generalmusikdirektor Kirill Petrenko verl\u00e4ngern ihre laufenden Vertr\u00e4ge an der Bayerischen Staatsoper bis Ende August 2021.<\/strong><\/span><\/p>\n<p><span style=\"font-family: arial,helvetica,sans-serif; font-size: small;\">\u00a0<\/span><\/p>\n<p><span style=\"font-family: arial,helvetica,sans-serif; font-size: small;\">Nikolaus Bachler leitet seit September 2008 als Intendant die Bayerische Staatsoper. Die aktuelle Vertragsverl\u00e4ngerung ist die zweite \u2013 zum ersten Mal wurde das Engagement im Herbst 2013 bis Ende Juli 2018 verl\u00e4ngert. Im Herbst 2010 beriefen Nikolaus Bachler und der damalige Kultusminister Wolfgang Heubisch Kirill Petrenko in das Amt des Generalmusikdirektors. Petrenko trat sein Amt im Herbst 2013 an. Aufgrund der Verpflichtung von Petrenko als Chefdirigent der Berliner Philharmoniker wird er in seiner letzten Spielzeit 2020\/21 als Gastdirigent der Bayerischen Staatsoper t\u00e4tig sein. <\/span><\/p>\n<p><span style=\"font-family: arial,helvetica,sans-serif; font-size: small;\">\u00a0<\/span><\/p>\n<p><span style=\"font-family: arial,helvetica,sans-serif; font-size: small;\">Kirill Petrenko wird demn\u00e4chst in M\u00fcnchen die Wiederaufnahme von Richard Strauss\u2018 <em>Ariadne auf Naxos<\/em> dirigieren, nachdem er mit dem Bayerischen Staatsorchester und diesem St\u00fcck ein Gastspiel am Th\u00e9\u00e2tre de Champs-Elys\u00e9es in Paris gegeben hat. Die Vorstellung vom 23. Oktober wird live und kostenfrei auf www.staatsoper.de\/tv \u00fcbertragen. <em>(cf)<\/em><\/span><\/p>\n","protected":false},"excerpt":{"rendered":"<p><span style=\"font-family: arial,helvetica,sans-serif; font-size: small;\">14.10.2015 &#8212; Staatsintendant Nikolaus Bachler und Generalmusikdirektor Kirill Petrenko verl\u00e4ngern ihre laufenden Vertr\u00e4ge an der Bayerischen Staatsoper bis Ende August 2021.<\/span><\/p>\n","protected":false},"author":1,"featured_media":0,"comment_status":"open","ping_status":"open","sticky":false,"template":"","format":"standard","meta":{"footnotes":""},"categories":[2],"tags":[],"class_list":["post-2594","post","type-post","status-publish","format-standard","hentry","category-nachrichten","entry"],"_links":{"self":[{"href":"https:\/\/codexflores.ch\/index.php\/wp-json\/wp\/v2\/posts\/2594","targetHints":{"allow":["GET"]}}],"collection":[{"href":"https:\/\/codexflores.ch\/index.php\/wp-json\/wp\/v2\/posts"}],"about":[{"href":"https:\/\/codexflores.ch\/index.php\/wp-json\/wp\/v2\/types\/post"}],"author":[{"embeddable":true,"href":"https:\/\/codexflores.ch\/index.php\/wp-json\/wp\/v2\/users\/1"}],"replies":[{"embeddable":true,"href":"https:\/\/codexflores.ch\/index.php\/wp-json\/wp\/v2\/comments?post=2594"}],"version-history":[{"count":0,"href":"https:\/\/codexflores.ch\/index.php\/wp-json\/wp\/v2\/posts\/2594\/revisions"}],"wp:attachment":[{"href":"https:\/\/codexflores.ch\/index.php\/wp-json\/wp\/v2\/media?parent=2594"}],"wp:term":[{"taxonomy":"category","embeddable":true,"href":"https:\/\/codexflores.ch\/index.php\/wp-json\/wp\/v2\/categories?post=2594"},{"taxonomy":"post_tag","embeddable":true,"href":"https:\/\/codexflores.ch\/index.php\/wp-json\/wp\/v2\/tags?post=2594"}],"curies":[{"name":"wp","href":"https:\/\/api.w.org\/{rel}","templated":true}]}}