{"id":2595,"date":"2015-10-14T05:39:11","date_gmt":"2015-10-14T05:39:11","guid":{"rendered":"https:\/\/codexflores.ch\/index.php\/2015\/10\/14\/ein-max-planck-institut-fuer-empirische-aesthetik\/"},"modified":"2015-10-14T05:39:11","modified_gmt":"2015-10-14T05:39:11","slug":"ein-max-planck-institut-fuer-empirische-aesthetik","status":"publish","type":"post","link":"https:\/\/codexflores.ch\/index.php\/2015\/10\/14\/ein-max-planck-institut-fuer-empirische-aesthetik\/","title":{"rendered":"Ein Max-Planck-Institut f\u00fcr empirische \u00c4sthetik"},"content":{"rendered":"<p><span style=\"font-family: arial,helvetica,sans-serif; font-size: small;\">14.10.2015 &#8212; Was gef\u00e4llt wem warum und unter welchen Bedingungen? Am Max-Planck-Institut f\u00fcr empirische \u00c4sthetik stellen sich Wissenschaftlerinnen und Wissenschaftler genau diese Fragen. Es ist in Frankfurt nun offiziell er\u00f6ffnet worden.<\/span><\/p>\n<p><span style=\"font-family: arial,helvetica,sans-serif; font-size: small;\"><strong>14.10.2015 &#8212; Was gef\u00e4llt wem warum und unter welchen Bedingungen? Am Max-Planck-Institut f\u00fcr empirische \u00c4sthetik stellen sich Wissenschaftlerinnen und Wissenschaftler genau diese Fragen. Es ist in Frankfurt nun offiziell er\u00f6ffnet worden.<\/strong><\/span><\/p>\n<p><span style=\"font-family: arial,helvetica,sans-serif; font-size: small;\">\u00a0<\/span><\/p>\n<p><span style=\"font-family: arial,helvetica,sans-serif; font-size: small;\">Drei Abteilungen sind unter dem Dach des neu gegr\u00fcndeten Max-Planck-Instituts bisher vereint: Die Abteilung Sprache und Literatur wird von Winfried Menninghaus geleitet, die Abteilung Musik von Melanie Wald-Fuhrmann und die Abteilung Neurowissenschaften von David Poeppel. Mit verschiedenen Forschungsmethoden wollen die Wissenschaftlerinnen und Wissenschaftler interdisziplin\u00e4r grundlegende Mechanismen und die vielen Arten und Nuancen \u00e4sthetischen Gefallens untersuchen sowie die Rolle, die individuelle, soziale und kulturelle Differenzen dabei spielen. <\/span><\/p>\n<p>\u00a0<\/p>\n<p><span style=\"font-family: arial,helvetica,sans-serif; font-size: small;\">Das Institut steht vor der Herausforderung, Hypothesen, Theorien und Modelle aus sehr unterschiedlichen Disziplinen integrativ weiter zu entwickeln, insbesondere aus der Psychologie, den traditionellen Poetiken der einzelnen K\u00fcnste, der Musik-, Kunst- und Literaturwissenschaft, der philosophischen \u00c4sthetik, der Biologie, der Soziologie und den Neurowissenschaften. <\/span><\/p>\n<p>\u00a0<\/p>\n<p><span style=\"font-family: arial,helvetica,sans-serif; font-size: small;\">Mit der offiziellen Er\u00f6ffnung ist gleichzeitig das gerade fertig gestellte ArtLab eingeweiht worden. Der multifunktionale Veranstaltungsraum beherbergt die technische Ausstattung eines Labors. Kl\u00e4nge, Mimik, Gestik sowie periphere physiologische Daten der Veranstaltungsbesucher sowie der K\u00fcnstler k\u00f6nnen dort zeitlich synchron erfasst und bewertet werden. <em>(cf)<\/em><\/span><\/p>\n<p><span style=\"font-family: arial,helvetica,sans-serif; font-size: small;\">\u00a0<\/span><\/p>\n","protected":false},"excerpt":{"rendered":"<p><span style=\"font-family: arial,helvetica,sans-serif; font-size: small;\">14.10.2015 &#8212; Was gef\u00e4llt wem warum und unter welchen Bedingungen? Am Max-Planck-Institut f\u00fcr empirische \u00c4sthetik stellen sich Wissenschaftlerinnen und Wissenschaftler genau diese Fragen. Es ist in Frankfurt nun offiziell er\u00f6ffnet worden.<\/span><\/p>\n","protected":false},"author":1,"featured_media":0,"comment_status":"open","ping_status":"open","sticky":false,"template":"","format":"standard","meta":{"footnotes":""},"categories":[2],"tags":[],"class_list":["post-2595","post","type-post","status-publish","format-standard","hentry","category-nachrichten","entry"],"_links":{"self":[{"href":"https:\/\/codexflores.ch\/index.php\/wp-json\/wp\/v2\/posts\/2595","targetHints":{"allow":["GET"]}}],"collection":[{"href":"https:\/\/codexflores.ch\/index.php\/wp-json\/wp\/v2\/posts"}],"about":[{"href":"https:\/\/codexflores.ch\/index.php\/wp-json\/wp\/v2\/types\/post"}],"author":[{"embeddable":true,"href":"https:\/\/codexflores.ch\/index.php\/wp-json\/wp\/v2\/users\/1"}],"replies":[{"embeddable":true,"href":"https:\/\/codexflores.ch\/index.php\/wp-json\/wp\/v2\/comments?post=2595"}],"version-history":[{"count":0,"href":"https:\/\/codexflores.ch\/index.php\/wp-json\/wp\/v2\/posts\/2595\/revisions"}],"wp:attachment":[{"href":"https:\/\/codexflores.ch\/index.php\/wp-json\/wp\/v2\/media?parent=2595"}],"wp:term":[{"taxonomy":"category","embeddable":true,"href":"https:\/\/codexflores.ch\/index.php\/wp-json\/wp\/v2\/categories?post=2595"},{"taxonomy":"post_tag","embeddable":true,"href":"https:\/\/codexflores.ch\/index.php\/wp-json\/wp\/v2\/tags?post=2595"}],"curies":[{"name":"wp","href":"https:\/\/api.w.org\/{rel}","templated":true}]}}