{"id":26,"date":"2014-01-06T09:39:19","date_gmt":"2014-01-06T09:39:19","guid":{"rendered":"https:\/\/codexflores.ch\/index.php\/2014\/01\/06\/die-stubete-am-see\/"},"modified":"2014-01-06T09:39:19","modified_gmt":"2014-01-06T09:39:19","slug":"die-stubete-am-see","status":"publish","type":"post","link":"https:\/\/codexflores.ch\/index.php\/2014\/01\/06\/die-stubete-am-see\/","title":{"rendered":"Die Stubete am See"},"content":{"rendered":"<p><span style=\"font-size: small;\">Festival f\u00fcr Neue Schweizer Volksmusik in Z\u00fcrich<\/span><\/p>\n<p style=\"text-align: center;\"><img decoding=\"async\" src=\"images\/bilder_inserenten\/120621stubete_logo.jpg\" border=\"0\" alt=\"\" \/><\/p>\n<p style=\"text-align: center;\">Webseite: <a href=\"http:\/\/www.stubeteamsee.ch\" target=\"_blank\" rel=\"noopener noreferrer\">www.stubeteamsee.ch<\/a><\/p>\n<p style=\"text-align: center;\">\u00a0<\/p>\n<p style=\"text-align: center;\"><span style=\"font-family: arial,helvetica,sans-serif; font-size: small;\">\u00a0<\/span><\/p>\n<p><span style=\"font-family: arial,helvetica,sans-serif; font-size: small;\">Die 5. Ausgabe des Festivals Stubete am See wird am 19.\/20.\/21. August 2016 in der Tonhalle Z\u00fcrich und auf dem Bausch\u00e4nzli stattfinden.\u2028<\/span><\/p>\n<p><span style=\"font-family: arial,helvetica,sans-serif; font-size: small;\">\u00a0<\/span><\/p>\n<p><span style=\"font-family: arial,helvetica,sans-serif; font-size: small;\">In Z\u00fcrich hat vor nicht allzu langer Zeit einiges begonnen, was wir heute als uralte b\u00e4uerlich-l\u00e4ndlich gepr\u00e4gte Volkskultur wahrnehmen. So hat etwa die Trachtenbewegung von Z\u00fcrich aus ihren Siegeszug ins Land hinaus gemacht, das Bergkind Heidi das Licht der Welt gleich beim Paradeplatz erblickt und Stocker Sepp im Z\u00fcrcher Niederdorf den Sound definiert, den wir heute als L\u00e4ndlermusik kennen. Auch in der Z\u00fcrcher Tonhalle, im Kongresshause und im ehemaligen Vorbau der neuen Tonhalle (1895-1936) war fr\u00fcher die Volksmusik zu Hause. Die Stubete am See nimmt diese Z\u00fcrcher Traditionen wieder auf und bringt die gr\u00f6sste Schweizer Biennale f\u00fcr Neue Schweizer Volksmusik in die einmaligen S\u00e4le der Tonhalle Z\u00fcrich.\u2028<\/span><\/p>\n<p><span style=\"font-family: arial,helvetica,sans-serif; font-size: small;\">\u00a0<\/span><\/p>\n<p><span style=\"font-family: arial,helvetica,sans-serif; font-size: small;\">Die Stubete am See versteht sich als Festival, das neue Musik f\u00f6rdert und fordert. Rund 30 Formationen, die an den drei Tagen auf vier B\u00fchnen auftreten, versprechen mehr als 10 Urauff\u00fchrungen\/Premieren und diverse CD- und Notenreleases. Das L\u00e4ndlerorchester ist zum Hausorchester der Stubete am See geworden: Dank des Kompositionsauftrags von Pro Helvetia kann f\u00fcr jedes Festival eine 45-min\u00fctige \u00abVolksmusiksinfonie\u00bb geschrieben werden. Nach Domenic Janett, Dani H\u00e4usler, Markus Fl\u00fcckiger und Tommaso Huber aus Wien nimmt 2016 ein Exponent der jungen Generation diese Herausforderung an, der Bassist Pirmin Huber aus dem Kanton Schwyz.<\/span><\/p>\n<p><span style=\"font-family: arial,helvetica,sans-serif; font-size: small;\">\u00a0<\/span><\/p>\n<p><span style=\"font-family: arial,helvetica,sans-serif; font-size: small;\">An der Stubete am See sind alle vier Sprachregionen der Schweiz vertreten. Und was an einer Stubete \u00fcblich ist, pflegt auch die Stubete am See: Auf dem Bausch\u00e4nzli laden ausgew\u00e4hlte Musikanten zur \u00abStubete\u00bb ein, bei der alle mitspielen k\u00f6nnen.<\/span><\/p>\n<p><span style=\"font-family: arial,helvetica,sans-serif; font-size: small;\">\u00a0<\/span><\/p>\n<p><span style=\"font-family: arial,helvetica,sans-serif; font-size: small;\">Unter dem Titel \u00abZoge am Boge\u00bb \u00a0wurde 2014 erstmals die \u00abStubete for kids\u00bb angeboten. Kinder im Primarschulalter konnten die Stubete am See und das Kinderprogramm kostenlos besuchen und wurden auf vielseitige und lebendige Art ans Thema Volksmusik herangef\u00fchrt: Eine musikalische Geschichte er\u00f6ffnete den Reigen, der Stimmworkshop brachte den Kindern die volksmusikalischen Facetten ihres K\u00f6rperinstruments n\u00e4her, der Tanzworkshop zeigte, dass am Volkstanz auch ganz junge Menschen Spass haben k\u00f6nnen und der pers\u00f6nliche Kontakt zu den Musikanten des L\u00e4ndlerorchesters erleichterte den Schritt, auch mal ein Konzert des \u00aberwachsenen\u00bb Stubete-Programms zu besuchen.\u2028Die \u00abStubete for kids\u00bb wird 2016 fortgesetzt.<\/span><\/p>\n<p><span style=\"font-family: arial,helvetica,sans-serif; font-size: small;\">\u00a0<\/span><\/p>\n<p style=\"text-align: left;\"><span style=\"font-family: arial,helvetica,sans-serif; font-size: small;\">Nach den erfolgreichen Tanzateliers der Stubete am See 2012 folgte 2014 der erste Stubete-Ball. Am Vorabend des Festivals trafen sich 200 T\u00e4nzerinnen und T\u00e4nzer im sch\u00f6nsten Ballsaal von Z\u00fcrich, im Kleinen Tonhalle-Saal. Drei unterschiedliche Ensembles lieferten die Tanzmusik dazu: Die Niinermusig reloaded mit T\u00e4nzen des ehemaligen Tonhalle-Hornisten Otto W\u00fcrsch, das Appenzeller Quartett Laseyer und die vier jungen Streicher der <span style=\"font-family: arial,helvetica,sans-serif; font-size: small;\">\u00ab<\/span>Guschtis<span style=\"font-family: arial,helvetica,sans-serif; font-size: small;\">\u00bb<\/span>, einer original-urchigen Bergler- und Sennenkapelle.<\/span><\/p>\n<p style=\"text-align: right;\"><span style=\"font-family: arial,helvetica,sans-serif; font-size: small;\">\u00a0<\/span><\/p>\n<p style=\"text-align: right;\"><span style=\"font-family: arial,helvetica,sans-serif; font-size: small;\">Wir freuen uns auf Ihren Besuch vom 19. bis 21. August 2016<\/span><\/p>\n<div>\n<div>\n<p style=\"text-align: right;\"><span style=\"font-family: arial,helvetica,sans-serif; font-size: small;\">Florian Walser, k\u00fcnstlerischer Leiter der Stubete am See<\/span><br \/><span style=\"font-family: arial,helvetica,sans-serif; font-size: small;\">Johannes Schmid-Kunz, administrativer Leiter Stubete am See<\/span><\/p>\n<\/p><\/div>\n<\/p><\/div>\n<p><span style=\"font-family: arial,helvetica,sans-serif; font-size: small;\">Einen umfassenden R\u00fcckblick der vergangenen Festivals in Ton, Bild und Videos findet man auf der Website <a href=\"http:\/\/www.stubeteamsee.ch\">www.stubeteamsee.ch<\/a>.<\/span><\/p>\n","protected":false},"excerpt":{"rendered":"<p><span style=\"font-size: small;\">Festival f\u00fcr Neue Schweizer Volksmusik in Z\u00fcrich<\/span><\/p>\n","protected":false},"author":1,"featured_media":0,"comment_status":"open","ping_status":"open","sticky":false,"template":"","format":"standard","meta":{"footnotes":""},"categories":[6],"tags":[],"class_list":["post-26","post","type-post","status-publish","format-standard","hentry","category-orchester-und-festivals","entry"],"_links":{"self":[{"href":"https:\/\/codexflores.ch\/index.php\/wp-json\/wp\/v2\/posts\/26","targetHints":{"allow":["GET"]}}],"collection":[{"href":"https:\/\/codexflores.ch\/index.php\/wp-json\/wp\/v2\/posts"}],"about":[{"href":"https:\/\/codexflores.ch\/index.php\/wp-json\/wp\/v2\/types\/post"}],"author":[{"embeddable":true,"href":"https:\/\/codexflores.ch\/index.php\/wp-json\/wp\/v2\/users\/1"}],"replies":[{"embeddable":true,"href":"https:\/\/codexflores.ch\/index.php\/wp-json\/wp\/v2\/comments?post=26"}],"version-history":[{"count":0,"href":"https:\/\/codexflores.ch\/index.php\/wp-json\/wp\/v2\/posts\/26\/revisions"}],"wp:attachment":[{"href":"https:\/\/codexflores.ch\/index.php\/wp-json\/wp\/v2\/media?parent=26"}],"wp:term":[{"taxonomy":"category","embeddable":true,"href":"https:\/\/codexflores.ch\/index.php\/wp-json\/wp\/v2\/categories?post=26"},{"taxonomy":"post_tag","embeddable":true,"href":"https:\/\/codexflores.ch\/index.php\/wp-json\/wp\/v2\/tags?post=26"}],"curies":[{"name":"wp","href":"https:\/\/api.w.org\/{rel}","templated":true}]}}