{"id":2602,"date":"2015-10-16T06:03:49","date_gmt":"2015-10-16T06:03:49","guid":{"rendered":"https:\/\/codexflores.ch\/index.php\/2015\/10\/16\/9-internationale-musiktage-arthur-lourie-basel\/"},"modified":"2015-10-16T06:03:49","modified_gmt":"2015-10-16T06:03:49","slug":"9-internationale-musiktage-arthur-lourie-basel","status":"publish","type":"post","link":"https:\/\/codexflores.ch\/index.php\/2015\/10\/16\/9-internationale-musiktage-arthur-lourie-basel\/","title":{"rendered":"9. Internationale Musiktage Arthur Louri\u00e9 Basel"},"content":{"rendered":"<p><span style=\"font-family: arial,helvetica,sans-serif; font-size: small;\">16.10.2015 &#8212; Zum neunten Mal werden in Basel die Internationalen Musiktage Arthur Louri\u00e9 durchgef\u00fchrt. Die Konzertreihe bietet Gelegenheit zu sechs Urauff\u00fchrungen von sp\u00e4tentdeckten Liedern des 1966 verstorbenen Komponisten.<\/span><\/p>\n<p><span style=\"font-family: arial,helvetica,sans-serif; font-size: small;\"><strong> 16.10.2015 &#8212; Zum neunten Mal werden in Basel die Internationale Musiktage Arthur Louri\u00e9 durchgef\u00fchrt. Die Konzertreihe bietet Gelegenheit zu sechs Urauff\u00fchrungen von sp\u00e4tentdeckten Liedern des 1966 verstorbenen Komponisten.<\/strong><\/span><\/p>\n<p>\u00a0<\/p>\n<p><span style=\"font-family: arial,helvetica,sans-serif; font-size: small;\">Arthur Louri\u00e9 war ein bedeutender russischer Komponist. Er spielte eine wichtige Rolle beim Aufbau des Sowjetischen Musiklebens nach 1917, musste Russland aber 1922 verlassen. Seine Musik widerspiegelt seine engen Beziehungen zu den St. Petersburger Dichtern und K\u00fcnstlern des Silbernen Zeitalters\u00a0 und zu Igor Strawinsky in Paris. Die Basler Arthur Louri\u00e9 Gesellschaft setzt sich seit 2005 f\u00fcr die Verbreitung und das Verst\u00e4ndnis seiner Werke ein.<\/span><\/p>\n<p>\u00a0<\/p>\n<p><span style=\"font-family: arial,helvetica,sans-serif; font-size: small;\">Das kleine Festival f\u00fcr den russischen Komponisten Arthur Louri\u00e9 (1892-1966) findet vom\u00a0 2.- 6. November in Basel statt.\u00a0<span style=\"font-family: arial,helvetica,sans-serif; font-size: small;\">Solist der Urauff\u00fchrungen der Lieder nach Joyce, Rilke und Nietzsche ist der schweizerische Bariton Robert Koller. <span style=\"font-family: arial,helvetica,sans-serif; font-size: small;\"><em>(cf)<\/em><\/span><\/span> <br \/><strong><br \/>Mehr Infos:<\/strong> <a href=\"http:\/\/www.lourie.ch\" target=\"_blank\" rel=\"noopener noreferrer\">www.lourie.ch<\/a>. <\/span><\/p>\n<p>\u00a0<\/p>\n","protected":false},"excerpt":{"rendered":"<p><span style=\"font-family: arial,helvetica,sans-serif; font-size: small;\">16.10.2015 &#8212; Zum neunten Mal werden in Basel die Internationalen Musiktage Arthur Louri\u00e9 durchgef\u00fchrt. Die Konzertreihe bietet Gelegenheit zu sechs Urauff\u00fchrungen von sp\u00e4tentdeckten Liedern des 1966 verstorbenen Komponisten.<\/span><\/p>\n","protected":false},"author":1,"featured_media":0,"comment_status":"open","ping_status":"open","sticky":false,"template":"","format":"standard","meta":{"footnotes":""},"categories":[2],"tags":[],"class_list":["post-2602","post","type-post","status-publish","format-standard","hentry","category-nachrichten","entry"],"_links":{"self":[{"href":"https:\/\/codexflores.ch\/index.php\/wp-json\/wp\/v2\/posts\/2602","targetHints":{"allow":["GET"]}}],"collection":[{"href":"https:\/\/codexflores.ch\/index.php\/wp-json\/wp\/v2\/posts"}],"about":[{"href":"https:\/\/codexflores.ch\/index.php\/wp-json\/wp\/v2\/types\/post"}],"author":[{"embeddable":true,"href":"https:\/\/codexflores.ch\/index.php\/wp-json\/wp\/v2\/users\/1"}],"replies":[{"embeddable":true,"href":"https:\/\/codexflores.ch\/index.php\/wp-json\/wp\/v2\/comments?post=2602"}],"version-history":[{"count":0,"href":"https:\/\/codexflores.ch\/index.php\/wp-json\/wp\/v2\/posts\/2602\/revisions"}],"wp:attachment":[{"href":"https:\/\/codexflores.ch\/index.php\/wp-json\/wp\/v2\/media?parent=2602"}],"wp:term":[{"taxonomy":"category","embeddable":true,"href":"https:\/\/codexflores.ch\/index.php\/wp-json\/wp\/v2\/categories?post=2602"},{"taxonomy":"post_tag","embeddable":true,"href":"https:\/\/codexflores.ch\/index.php\/wp-json\/wp\/v2\/tags?post=2602"}],"curies":[{"name":"wp","href":"https:\/\/api.w.org\/{rel}","templated":true}]}}