{"id":2603,"date":"2015-10-16T06:19:50","date_gmt":"2015-10-16T06:19:50","guid":{"rendered":"https:\/\/codexflores.ch\/index.php\/2015\/10\/16\/vdz-zeichnet-barenboim-fuer-sein-lebenswerk-aus\/"},"modified":"2015-10-16T06:19:50","modified_gmt":"2015-10-16T06:19:50","slug":"vdz-zeichnet-barenboim-fuer-sein-lebenswerk-aus","status":"publish","type":"post","link":"https:\/\/codexflores.ch\/index.php\/2015\/10\/16\/vdz-zeichnet-barenboim-fuer-sein-lebenswerk-aus\/","title":{"rendered":"VDZ zeichnet Barenboim f\u00fcr sein Lebenswerk aus"},"content":{"rendered":"<p><span style=\"font-family: arial,helvetica,sans-serif; font-size: small;\">16.10.2015 &#8211;Der Verband Deutscher Zeitschriftenverleger (VDZ) zeichnet Daniel Barenboim, Generalmusikdirektor der Staatsoper Berlin, mit der \u00abGoldenen Victoria 2015 \u2013 Lebenswerk\u00bb aus. Mit dem Preis wird Barenboims musikalisches Wirken und sein besonderer Einsatz f\u00fcr die V\u00f6lkerverst\u00e4ndigung gew\u00fcrdigt.<\/span><\/p>\n<p><strong><span style=\"font-family: arial,helvetica,sans-serif; font-size: small;\">16.10.2015 &#8211;Der Verband Deutscher Zeitschriftenverleger (VDZ) zeichnet Daniel Barenboim, Generalmusikdirektor der Staatsoper Berlin, mit der \u00abGoldenen Victoria 2015 \u2013 Lebenswerk\u00bb aus. Mit dem Preis wird Barenboims musikalisches Wirken und sein besonderer Einsatz f\u00fcr die V\u00f6lkerverst\u00e4ndigung gew\u00fcrdigt.<\/span><\/strong><\/p>\n<p><span style=\"font-family: arial,helvetica,sans-serif; font-size: small;\">\u00a0<\/span><\/p>\n<p><span style=\"font-family: arial,helvetica,sans-serif; font-size: small;\">Zu den herausragenden Projekten Barenboims z\u00e4hle das West-Eastern Divan Orchestra, das er 1999 zusammen mit dem pal\u00e4stinensischen Literaturwissenschaftler Edward Said gegr\u00fcndet habe, schreibt der VDZ. Israelische und arabische Musiker aus dem nahen und mittleren Osten treten gemeinsam auf und \u00ab\u00fcberwinden damit die Mauern aus Hass, Zorn und Verachtung\u00bb. <\/span><\/p>\n<p>\u00a0<\/p>\n<p><span style=\"font-family: arial,helvetica,sans-serif; font-size: small;\">Die Goldene Victoria wird dem Dirigenten und Pianisten auf der VDZ Publishers&#8216; Night am 2. November in Berlin \u00fcberreicht; die Laudatio h\u00e4lt Monika Gr\u00fctters, die Staatsministerin f\u00fcr Kultur und Medien im Bundeskanzleramt. <em>(cf)\u00a0<\/em><\/span><\/p>\n","protected":false},"excerpt":{"rendered":"<p><span style=\"font-family: arial,helvetica,sans-serif; font-size: small;\">16.10.2015 &#8211;Der Verband Deutscher Zeitschriftenverleger (VDZ) zeichnet Daniel Barenboim, Generalmusikdirektor der Staatsoper Berlin, mit der \u00abGoldenen Victoria 2015 \u2013 Lebenswerk\u00bb aus. Mit dem Preis wird Barenboims musikalisches Wirken und sein besonderer Einsatz f\u00fcr die V\u00f6lkerverst\u00e4ndigung gew\u00fcrdigt.<\/span><\/p>\n","protected":false},"author":1,"featured_media":0,"comment_status":"open","ping_status":"open","sticky":false,"template":"","format":"standard","meta":{"footnotes":""},"categories":[2],"tags":[],"class_list":["post-2603","post","type-post","status-publish","format-standard","hentry","category-nachrichten","entry"],"_links":{"self":[{"href":"https:\/\/codexflores.ch\/index.php\/wp-json\/wp\/v2\/posts\/2603","targetHints":{"allow":["GET"]}}],"collection":[{"href":"https:\/\/codexflores.ch\/index.php\/wp-json\/wp\/v2\/posts"}],"about":[{"href":"https:\/\/codexflores.ch\/index.php\/wp-json\/wp\/v2\/types\/post"}],"author":[{"embeddable":true,"href":"https:\/\/codexflores.ch\/index.php\/wp-json\/wp\/v2\/users\/1"}],"replies":[{"embeddable":true,"href":"https:\/\/codexflores.ch\/index.php\/wp-json\/wp\/v2\/comments?post=2603"}],"version-history":[{"count":0,"href":"https:\/\/codexflores.ch\/index.php\/wp-json\/wp\/v2\/posts\/2603\/revisions"}],"wp:attachment":[{"href":"https:\/\/codexflores.ch\/index.php\/wp-json\/wp\/v2\/media?parent=2603"}],"wp:term":[{"taxonomy":"category","embeddable":true,"href":"https:\/\/codexflores.ch\/index.php\/wp-json\/wp\/v2\/categories?post=2603"},{"taxonomy":"post_tag","embeddable":true,"href":"https:\/\/codexflores.ch\/index.php\/wp-json\/wp\/v2\/tags?post=2603"}],"curies":[{"name":"wp","href":"https:\/\/api.w.org\/{rel}","templated":true}]}}