{"id":2610,"date":"2015-10-22T06:02:25","date_gmt":"2015-10-22T06:02:25","guid":{"rendered":"https:\/\/codexflores.ch\/index.php\/2015\/10\/22\/eigene-konzertprojekte-der-lucerne-festival-alumni\/"},"modified":"2015-10-22T06:02:25","modified_gmt":"2015-10-22T06:02:25","slug":"eigene-konzertprojekte-der-lucerne-festival-alumni","status":"publish","type":"post","link":"https:\/\/codexflores.ch\/index.php\/2015\/10\/22\/eigene-konzertprojekte-der-lucerne-festival-alumni\/","title":{"rendered":"Eigene Konzertprojekte der Lucerne Festival Alumni"},"content":{"rendered":"<p><span style=\"font-family: arial,helvetica,sans-serif; font-size: small;\">22.10.2015 &#8212; Lucerne Festival Alumni, ein Netzwerk ausgew\u00e4hlter ehemaliger Teilnehmer der Lucerne Festival Academy, realisiert ab sofort mit individuellen Ensembles eigene Konzertprojekte weltweit und in Luzern. Partner der neuen Plattform ist Swiss Re.<\/span><\/p>\n<p>\u00a0<\/p>\n<p><span style=\"font-family: arial,helvetica,sans-serif; font-size: small;\"><strong>22.10.2015 &#8212; Lucerne Festival Alumni, ein Netzwerk ausgew\u00e4hlter ehemaliger Teilnehmer der Lucerne Festival Academy, realisiert ab sofort mit individuellen Ensembles eigene Konzertprojekte weltweit und in Luzern. Partner der neuen Plattform ist Swiss Re.<\/strong><\/span><\/p>\n<p>\u00a0<\/p>\n<p><span style=\"font-family: arial,helvetica,sans-serif; font-size: small;\">Als Lucerne Festival Alumni kehren seit mehreren Jahren ausgew\u00e4hlte ehemalige Teilnehmer der Lucerne Festival Academy regelm\u00e4ssig nach Luzern zur\u00fcck. Sie absolvieren Auftritte im regul\u00e4ren Konzertprogramm oder auch in Formaten wie der \u00abLounge\u00bb und in der Reihe \u00ab40min\u00bb. Ein eigenes Intranet erm\u00f6glicht seit einem Jahr den internationalen Austausch der rund 1100 Alumni. <\/span><\/p>\n<p>\u00a0<\/p>\n<p><span style=\"font-family: arial,helvetica,sans-serif; font-size: small;\">Als erstes internationales Projekt gestaltet ein Ensemble der Lucerne Festival Alumni vom 3.- 5. Juni 2016 die Konzertreihe <em>Ligeti Forward<\/em> im Rahmen der NY Phil Biennial im Metropolitan Museum of Art, als Teil der Reihe Met Museum Presents, unter der Leitung des Music Director von New York Philharmonic Alan Gilbert. <\/span><\/p>\n<p>\u00a0<\/p>\n<p><span style=\"font-family: arial,helvetica,sans-serif; font-size: small;\">Im Rahmen des Sommer-Festivals 2016 pr\u00e4sentiert ein Alumni-Ensemble vier Konzerte mit Urauff\u00fchrungen, die aus einem Kompositionswettbewerb des Schweizerischen Tonk\u00fcnstlervereins hervorgehen. <em>(cf)<\/em><\/span><\/p>\n","protected":false},"excerpt":{"rendered":"<p><span style=\"font-family: arial,helvetica,sans-serif; font-size: small;\">22.10.2015 &#8212; Lucerne Festival Alumni, ein Netzwerk ausgew\u00e4hlter ehemaliger Teilnehmer der Lucerne Festival Academy, realisiert ab sofort mit individuellen Ensembles eigene Konzertprojekte weltweit und in Luzern. Partner der neuen Plattform ist Swiss Re.<\/span><\/p>\n","protected":false},"author":1,"featured_media":0,"comment_status":"open","ping_status":"open","sticky":false,"template":"","format":"standard","meta":{"footnotes":""},"categories":[2],"tags":[],"class_list":["post-2610","post","type-post","status-publish","format-standard","hentry","category-nachrichten","entry"],"_links":{"self":[{"href":"https:\/\/codexflores.ch\/index.php\/wp-json\/wp\/v2\/posts\/2610","targetHints":{"allow":["GET"]}}],"collection":[{"href":"https:\/\/codexflores.ch\/index.php\/wp-json\/wp\/v2\/posts"}],"about":[{"href":"https:\/\/codexflores.ch\/index.php\/wp-json\/wp\/v2\/types\/post"}],"author":[{"embeddable":true,"href":"https:\/\/codexflores.ch\/index.php\/wp-json\/wp\/v2\/users\/1"}],"replies":[{"embeddable":true,"href":"https:\/\/codexflores.ch\/index.php\/wp-json\/wp\/v2\/comments?post=2610"}],"version-history":[{"count":0,"href":"https:\/\/codexflores.ch\/index.php\/wp-json\/wp\/v2\/posts\/2610\/revisions"}],"wp:attachment":[{"href":"https:\/\/codexflores.ch\/index.php\/wp-json\/wp\/v2\/media?parent=2610"}],"wp:term":[{"taxonomy":"category","embeddable":true,"href":"https:\/\/codexflores.ch\/index.php\/wp-json\/wp\/v2\/categories?post=2610"},{"taxonomy":"post_tag","embeddable":true,"href":"https:\/\/codexflores.ch\/index.php\/wp-json\/wp\/v2\/tags?post=2610"}],"curies":[{"name":"wp","href":"https:\/\/api.w.org\/{rel}","templated":true}]}}