{"id":2612,"date":"2015-10-23T06:03:19","date_gmt":"2015-10-23T06:03:19","guid":{"rendered":"https:\/\/codexflores.ch\/index.php\/2015\/10\/23\/salzburger-festspiele-weiterhin-mit-wiener-staatsopernchor\/"},"modified":"2015-10-23T06:03:19","modified_gmt":"2015-10-23T06:03:19","slug":"salzburger-festspiele-weiterhin-mit-wiener-staatsopernchor","status":"publish","type":"post","link":"https:\/\/codexflores.ch\/index.php\/2015\/10\/23\/salzburger-festspiele-weiterhin-mit-wiener-staatsopernchor\/","title":{"rendered":"Salzburger Festspiele weiterhin mit Wiener Staatsopernchor"},"content":{"rendered":"<p><span style=\"font-family: arial,helvetica,sans-serif; font-size: small;\">23.10.2015 &#8212; Die Salzburger Festspiele verl\u00e4ngern die Zusammenarbeit mit der Konzertvereinigung Wiener Staatsopernchor bis 2021.<\/span><\/p>\n<p><span style=\"font-family: arial,helvetica,sans-serif; font-size: small;\"><strong>23.10.2015 &#8212; Die Salzburger Festspiele verl\u00e4ngern die Zusammenarbeit mit der Konzertvereinigung Wiener Staatsopernchor bis 2021.<\/strong><\/span><\/p>\n<p><span style=\"font-family: arial,helvetica,sans-serif; font-size: small;\">\u00a0<\/span><\/p>\n<p><span style=\"font-family: arial,helvetica,sans-serif; font-size: small;\">Festspielpr\u00e4sidentin Helga Rabl-Stadler und der designierte Intendant Markus Hinterh\u00e4user haben in Wien einen 5-Jahresvertrag mit der Konzertvereinigung Wiener Staatsopernchor f\u00fcr den Zeitraum 2017 bis 2021 unterzeichnet. Der Chor blickt im Jahr 2017 auf sein 90-j\u00e4hriges Bestehen zur\u00fcck, die Salzburger Festspiele werden 2020 100 Jahre alt.<\/span><\/p>\n<p>\u00a0<\/p>\n<p><span style=\"font-family: arial,helvetica,sans-serif; font-size: small;\">2015 sei ein besonders erfolgreiches Jahr in der Zusammenarbeit zwischen den beiden Partnern gewesen, sagte Festspielpr\u00e4sidentin Helga Rabl-Stadler. Insbesondere Riccardo Muti habe sich sehr erfreut gezeigt \u00fcber die intensive Arbeit mit dem Chor f\u00fcr die konzertante Auff\u00fchrung von Verdis <em>Ernani<\/em>. <\/span><\/p>\n<p>\u00a0<\/p>\n<p><span style=\"font-family: arial,helvetica,sans-serif; font-size: small;\">Nicht nur dort, auch in <em>Der Rosenkavalier, Il trovatore, Fidelio <\/em>und<em> Le nozze di Figaro<\/em> wirkten S\u00e4ngerinnen und S\u00e4nger aus Wien mit. Die Zusammenarbeit der Festspiele mit den Chormitgliedern der Wiener Staatsoper reicht bis 1923 zur\u00fcck. <em>(cf)<\/em><\/span> <\/p>\n","protected":false},"excerpt":{"rendered":"<p><span style=\"font-family: arial,helvetica,sans-serif; font-size: small;\">23.10.2015 &#8212; Die Salzburger Festspiele verl\u00e4ngern die Zusammenarbeit mit der Konzertvereinigung Wiener Staatsopernchor bis 2021.<\/span><\/p>\n","protected":false},"author":1,"featured_media":0,"comment_status":"open","ping_status":"open","sticky":false,"template":"","format":"standard","meta":{"footnotes":""},"categories":[2],"tags":[],"class_list":["post-2612","post","type-post","status-publish","format-standard","hentry","category-nachrichten","entry"],"_links":{"self":[{"href":"https:\/\/codexflores.ch\/index.php\/wp-json\/wp\/v2\/posts\/2612","targetHints":{"allow":["GET"]}}],"collection":[{"href":"https:\/\/codexflores.ch\/index.php\/wp-json\/wp\/v2\/posts"}],"about":[{"href":"https:\/\/codexflores.ch\/index.php\/wp-json\/wp\/v2\/types\/post"}],"author":[{"embeddable":true,"href":"https:\/\/codexflores.ch\/index.php\/wp-json\/wp\/v2\/users\/1"}],"replies":[{"embeddable":true,"href":"https:\/\/codexflores.ch\/index.php\/wp-json\/wp\/v2\/comments?post=2612"}],"version-history":[{"count":0,"href":"https:\/\/codexflores.ch\/index.php\/wp-json\/wp\/v2\/posts\/2612\/revisions"}],"wp:attachment":[{"href":"https:\/\/codexflores.ch\/index.php\/wp-json\/wp\/v2\/media?parent=2612"}],"wp:term":[{"taxonomy":"category","embeddable":true,"href":"https:\/\/codexflores.ch\/index.php\/wp-json\/wp\/v2\/categories?post=2612"},{"taxonomy":"post_tag","embeddable":true,"href":"https:\/\/codexflores.ch\/index.php\/wp-json\/wp\/v2\/tags?post=2612"}],"curies":[{"name":"wp","href":"https:\/\/api.w.org\/{rel}","templated":true}]}}