{"id":2615,"date":"2015-10-27T06:40:14","date_gmt":"2015-10-27T06:40:14","guid":{"rendered":"https:\/\/codexflores.ch\/index.php\/2015\/10\/27\/neue-studie-zum-klassikpublikum-in-deutschland\/"},"modified":"2015-10-27T06:40:14","modified_gmt":"2015-10-27T06:40:14","slug":"neue-studie-zum-klassikpublikum-in-deutschland","status":"publish","type":"post","link":"https:\/\/codexflores.ch\/index.php\/2015\/10\/27\/neue-studie-zum-klassikpublikum-in-deutschland\/","title":{"rendered":"Neue Studie zum Klassikpublikum in Deutschland"},"content":{"rendered":"<p><span style=\"font-family: arial,helvetica,sans-serif; font-size: small;\">27.10.2015 &#8212; Michael Haller, Medienwissenschaftler an der Hamburg Media School, erforscht im Auftrag des Magazins <em>Concerti<\/em> die Interessen, Gewohnheiten und Lebensstile der Klassikh\u00f6rer\u00a0in Deutschland.<\/span><\/p>\n<p><span style=\"font-family: arial,helvetica,sans-serif; font-size: small;\"><strong>27.10.2015 &#8212; Michael Haller, Medienwissenschaftler an der Hamburg Media School, erforscht im Auftrag des Magazins <em>Concerti<\/em> die Interessen, Gewohnheiten und Lebensstile der Klassikh\u00f6rer\u00a0in Deutschland.<\/strong><\/span><\/p>\n<p><span style=\"font-family: arial,helvetica,sans-serif; font-size: small;\">\u00a0<\/span><\/p>\n<p><span style=\"font-family: arial,helvetica,sans-serif; font-size: small;\"><em>Concerti<\/em> hat die\u00a0Hamburg Media School\u00a0(HMS) beauftragt, von Oktober bis M\u00e4rz 2016 eine bundesweite Publikumsforschung durchzuf\u00fchren. Eine \u00dcberraschung habe es bereits bei der Vorbereitung zur Studie gegeben, schreibt Concerti: Das Konzertpublikum sei in den vergangenen 15 Jahren um ein gutes Drittel gewachsen.<\/span><\/p>\n<p><span style=\"font-family: arial,helvetica,sans-serif; font-size: small;\">\u00a0<\/span><\/p>\n<p><span style=\"font-family: arial,helvetica,sans-serif; font-size: small;\">\u00dcber 14 Millionen Menschen\u00a0gehen in Deutschland j\u00e4hrlich in ein klassisches Konzert oder eine Opernauff\u00fchrung. \u00dcber Interessen und Gewohnheiten der Zielgruppe ist jedoch wenig bekannt: Was eint das\u00a0Premierenpublikum von Kiel bis M\u00fcnchen? Was bringt sie in ein Klassik-Konzert, was veranlasst zu Reisen und Festivalbesuchen? Und was wird dort neben der Musik erwartet? Die Studie soll hier vor allem f\u00fcr Mediaplaner mehr Klarheit schaffen. <em>(cf)<\/em><\/span><\/p>\n<p><span style=\"font-family: arial,helvetica,sans-serif; font-size: small;\">\u00a0<\/span><\/p>\n<p>\u00a0<\/p>\n","protected":false},"excerpt":{"rendered":"<p><span style=\"font-family: arial,helvetica,sans-serif; font-size: small;\">27.10.2015 &#8212; Michael Haller, Medienwissenschaftler an der Hamburg Media School, erforscht im Auftrag des Magazins <em>Concerti<\/em> die Interessen, Gewohnheiten und Lebensstile der Klassikh\u00f6rer\u00a0in Deutschland.<\/span><\/p>\n","protected":false},"author":1,"featured_media":0,"comment_status":"open","ping_status":"open","sticky":false,"template":"","format":"standard","meta":{"footnotes":""},"categories":[2],"tags":[],"class_list":["post-2615","post","type-post","status-publish","format-standard","hentry","category-nachrichten","entry"],"_links":{"self":[{"href":"https:\/\/codexflores.ch\/index.php\/wp-json\/wp\/v2\/posts\/2615","targetHints":{"allow":["GET"]}}],"collection":[{"href":"https:\/\/codexflores.ch\/index.php\/wp-json\/wp\/v2\/posts"}],"about":[{"href":"https:\/\/codexflores.ch\/index.php\/wp-json\/wp\/v2\/types\/post"}],"author":[{"embeddable":true,"href":"https:\/\/codexflores.ch\/index.php\/wp-json\/wp\/v2\/users\/1"}],"replies":[{"embeddable":true,"href":"https:\/\/codexflores.ch\/index.php\/wp-json\/wp\/v2\/comments?post=2615"}],"version-history":[{"count":0,"href":"https:\/\/codexflores.ch\/index.php\/wp-json\/wp\/v2\/posts\/2615\/revisions"}],"wp:attachment":[{"href":"https:\/\/codexflores.ch\/index.php\/wp-json\/wp\/v2\/media?parent=2615"}],"wp:term":[{"taxonomy":"category","embeddable":true,"href":"https:\/\/codexflores.ch\/index.php\/wp-json\/wp\/v2\/categories?post=2615"},{"taxonomy":"post_tag","embeddable":true,"href":"https:\/\/codexflores.ch\/index.php\/wp-json\/wp\/v2\/tags?post=2615"}],"curies":[{"name":"wp","href":"https:\/\/api.w.org\/{rel}","templated":true}]}}