{"id":2616,"date":"2015-10-27T06:47:41","date_gmt":"2015-10-27T06:47:41","guid":{"rendered":"https:\/\/codexflores.ch\/index.php\/2015\/10\/27\/studienprogramm-musik-welt-in-hildesheim\/"},"modified":"2015-10-27T06:47:41","modified_gmt":"2015-10-27T06:47:41","slug":"studienprogramm-musik-welt-in-hildesheim","status":"publish","type":"post","link":"https:\/\/codexflores.ch\/index.php\/2015\/10\/27\/studienprogramm-musik-welt-in-hildesheim\/","title":{"rendered":"Studienprogramm  \u00abmusik.welt\u00bb in Hildesheim"},"content":{"rendered":"<p><span style=\"font-family: arial,helvetica,sans-serif; font-size: small;\">27.10.2015 &#8212; Das Center for World Music der Uni Hildesheim bildet Fachleute \u2013 zum Beispiel in Kitas, Schulen, Stadtteilen, Fl\u00fcchtlingsunterk\u00fcnften und Jugendzentren \u2013 aus, um die musikalische Vielfalt zu erhalten. Die Bewerbungsfrist f\u00fcr das bundesweit besondere Studienprogramm\u00a0\u00abmusik.welt\u00bb endet am 1. November 2015.<\/span><\/p>\n<p><span style=\"font-family: arial,helvetica,sans-serif; font-size: small;\"><strong>27.10.2015 &#8212; Das Center for World Music der Uni Hildesheim bildet Fachleute \u2013 zum Beispiel in Kitas, Schulen, Stadtteilen, Fl\u00fcchtlingsunterk\u00fcnften und Jugendzentren \u2013 aus, um die musikalische Vielfalt zu erhalten. Die Bewerbungsfrist f\u00fcr das bundesweit besondere Studienprogramm\u00a0\u00abmusik.welt\u00bb endet am 1. November 2015.<\/strong><\/span><\/p>\n<p>\u00a0<\/p>\n<p><span style=\"font-family: arial,helvetica,sans-serif; font-size: small;\">Die Universit\u00e4t Hildesheim sucht derzeit wieder bundesweit Lehrerinnen, Erzieher, Sozialp\u00e4dagogen, Musikerinnen oder andere Berufst\u00e4tige, die die Kraft der Musik in ihrem Arbeitsumfeld \u2013 zum Beispiel in Kitas, Schulen, Stadtteilen, Fl\u00fcchtlingsunterk\u00fcnften und Jugendzentren \u2013 aufgreifen wollen.<\/span><\/p>\n<p>\u00a0<\/p>\n<p><span style=\"font-family: arial,helvetica,sans-serif; font-size: small;\">Der Studiengang wendet sich an alle, die Kompetenzen erlangen m\u00f6chten, um das Potential der Musik umfassend in der t\u00e4glichen Arbeit nutzen zu k\u00f6nnen. Das Studium beginnt im Januar 2016. Es besteht die M\u00f6glichkeit auf Zertifikat zu studieren. Wer finanzielle Unterst\u00fctzung ben\u00f6tigt, dem hilft die Universit\u00e4t bei der Beantragung. Interessierte k\u00f6nnen sich mit Fragen an Morena Piro wenden (piro@musikwelt-niedersachsen.de). <em>(cf)<\/em><\/span><\/p>\n<p>\u00a0<\/p>\n","protected":false},"excerpt":{"rendered":"<p><span style=\"font-family: arial,helvetica,sans-serif; font-size: small;\">27.10.2015 &#8212; Das Center for World Music der Uni Hildesheim bildet Fachleute \u2013 zum Beispiel in Kitas, Schulen, Stadtteilen, Fl\u00fcchtlingsunterk\u00fcnften und Jugendzentren \u2013 aus, um die musikalische Vielfalt zu erhalten. Die Bewerbungsfrist f\u00fcr das bundesweit besondere Studienprogramm\u00a0\u00abmusik.welt\u00bb endet am 1. November 2015.<\/span><\/p>\n","protected":false},"author":1,"featured_media":0,"comment_status":"open","ping_status":"open","sticky":false,"template":"","format":"standard","meta":{"footnotes":""},"categories":[2],"tags":[],"class_list":["post-2616","post","type-post","status-publish","format-standard","hentry","category-nachrichten","entry"],"_links":{"self":[{"href":"https:\/\/codexflores.ch\/index.php\/wp-json\/wp\/v2\/posts\/2616","targetHints":{"allow":["GET"]}}],"collection":[{"href":"https:\/\/codexflores.ch\/index.php\/wp-json\/wp\/v2\/posts"}],"about":[{"href":"https:\/\/codexflores.ch\/index.php\/wp-json\/wp\/v2\/types\/post"}],"author":[{"embeddable":true,"href":"https:\/\/codexflores.ch\/index.php\/wp-json\/wp\/v2\/users\/1"}],"replies":[{"embeddable":true,"href":"https:\/\/codexflores.ch\/index.php\/wp-json\/wp\/v2\/comments?post=2616"}],"version-history":[{"count":0,"href":"https:\/\/codexflores.ch\/index.php\/wp-json\/wp\/v2\/posts\/2616\/revisions"}],"wp:attachment":[{"href":"https:\/\/codexflores.ch\/index.php\/wp-json\/wp\/v2\/media?parent=2616"}],"wp:term":[{"taxonomy":"category","embeddable":true,"href":"https:\/\/codexflores.ch\/index.php\/wp-json\/wp\/v2\/categories?post=2616"},{"taxonomy":"post_tag","embeddable":true,"href":"https:\/\/codexflores.ch\/index.php\/wp-json\/wp\/v2\/tags?post=2616"}],"curies":[{"name":"wp","href":"https:\/\/api.w.org\/{rel}","templated":true}]}}