{"id":2619,"date":"2015-10-28T06:47:04","date_gmt":"2015-10-28T06:47:04","guid":{"rendered":"https:\/\/codexflores.ch\/index.php\/2015\/10\/28\/fortbestand-des-kritischen-orchesters-gesichert\/"},"modified":"2015-10-28T06:47:04","modified_gmt":"2015-10-28T06:47:04","slug":"fortbestand-des-kritischen-orchesters-gesichert","status":"publish","type":"post","link":"https:\/\/codexflores.ch\/index.php\/2015\/10\/28\/fortbestand-des-kritischen-orchesters-gesichert\/","title":{"rendered":"Fortbestand des Kritischen Orchesters gesichert"},"content":{"rendered":"<p><span style=\"font-family: arial,helvetica,sans-serif; font-size: small;\">28.10.2015 &#8212; Mancher wusste wohl nicht, dass es ein \u00abKritischen Orchester\u00bb gibt. Man darf zu Kennntnis nehmen, dass der Fortbestand des Berliner \u00dcbungsklangk\u00f6rpers gesichert ist.<\/span><\/p>\n<p><span style=\"font-family: arial,helvetica,sans-serif; font-size: small;\"><strong>28.10.2015 &#8212; Mancher wusste wohl nicht, dass es ein \u00abKritischen Orchester\u00bb gibt. Man darf zu Kennntnis nehmen, dass der Fortbestand des Berliner \u00dcbungsklangk\u00f6rpers gesichert ist.<\/strong><\/span><\/p>\n<p><span style=\"font-family: arial,helvetica,sans-serif; font-size: small;\">\u00a0<\/span><\/p>\n<p><span style=\"font-family: arial,helvetica,sans-serif; font-size: small;\">Zum Weiterbestehen des Kritischen Orchesters und der Dirigentenwerkstatt an der Hochschule f\u00fcr Musik Hanns Eisler Berlin hat das Dirigentenforum des Deutschen Musikrates einen Kooperationsvertrag abgeschlossen. Die mehrt\u00e4gige Veranstaltung wurde bisher mit vorwiegend ehrenamtlichem Engagement, Stiftungsgeldern und mit Unterst\u00fctzung der Hochschule f\u00fcr Musik Hanns Eisler Berlin organisiert.\u00a0<\/span><\/p>\n<p><span style=\"font-family: arial,helvetica,sans-serif; font-size: small;\">\u00a0<\/span><\/p>\n<p><span style=\"font-family: arial,helvetica,sans-serif; font-size: small;\">Das Kritische Orchester versteht sich als Klangk\u00f6rper und Gremium k\u00fcnstlerischer Mentoren f\u00fcr werdende Dirigentinnen und Dirigenten und gibt in den Proben der Dirigentenwerkstatt direktes Feedback auf dirigentische Impulse. Allj\u00e4hrlich kommen daf\u00fcr etwa 90 Musiker aus namhaften deutschen Orchestern zusammen. <em>(cf)\u00a0<\/em><\/span><\/p>\n","protected":false},"excerpt":{"rendered":"<p><span style=\"font-family: arial,helvetica,sans-serif; font-size: small;\">28.10.2015 &#8212; Mancher wusste wohl nicht, dass es ein \u00abKritischen Orchester\u00bb gibt. Man darf zu Kennntnis nehmen, dass der Fortbestand des Berliner \u00dcbungsklangk\u00f6rpers gesichert ist.<\/span><\/p>\n","protected":false},"author":1,"featured_media":0,"comment_status":"open","ping_status":"open","sticky":false,"template":"","format":"standard","meta":{"footnotes":""},"categories":[2],"tags":[],"class_list":["post-2619","post","type-post","status-publish","format-standard","hentry","category-nachrichten","entry"],"_links":{"self":[{"href":"https:\/\/codexflores.ch\/index.php\/wp-json\/wp\/v2\/posts\/2619","targetHints":{"allow":["GET"]}}],"collection":[{"href":"https:\/\/codexflores.ch\/index.php\/wp-json\/wp\/v2\/posts"}],"about":[{"href":"https:\/\/codexflores.ch\/index.php\/wp-json\/wp\/v2\/types\/post"}],"author":[{"embeddable":true,"href":"https:\/\/codexflores.ch\/index.php\/wp-json\/wp\/v2\/users\/1"}],"replies":[{"embeddable":true,"href":"https:\/\/codexflores.ch\/index.php\/wp-json\/wp\/v2\/comments?post=2619"}],"version-history":[{"count":0,"href":"https:\/\/codexflores.ch\/index.php\/wp-json\/wp\/v2\/posts\/2619\/revisions"}],"wp:attachment":[{"href":"https:\/\/codexflores.ch\/index.php\/wp-json\/wp\/v2\/media?parent=2619"}],"wp:term":[{"taxonomy":"category","embeddable":true,"href":"https:\/\/codexflores.ch\/index.php\/wp-json\/wp\/v2\/categories?post=2619"},{"taxonomy":"post_tag","embeddable":true,"href":"https:\/\/codexflores.ch\/index.php\/wp-json\/wp\/v2\/tags?post=2619"}],"curies":[{"name":"wp","href":"https:\/\/api.w.org\/{rel}","templated":true}]}}