{"id":2620,"date":"2015-10-28T07:04:03","date_gmt":"2015-10-28T07:04:03","guid":{"rendered":"https:\/\/codexflores.ch\/index.php\/2015\/10\/28\/obergericht-entscheidet-zugunsten-von-say\/"},"modified":"2015-10-28T07:04:03","modified_gmt":"2015-10-28T07:04:03","slug":"obergericht-entscheidet-zugunsten-von-say","status":"publish","type":"post","link":"https:\/\/codexflores.ch\/index.php\/2015\/10\/28\/obergericht-entscheidet-zugunsten-von-say\/","title":{"rendered":"Berufungsgericht entscheidet zugunsten von Say"},"content":{"rendered":"<p><span style=\"font-family: arial,helvetica,sans-serif; font-size: small;\">28.2015 &#8212; Das oberste Berufungsgericht von Ankara hat eine Verurteilung des Pianisten Fazil Say wegen\u00a0\u00abBeleidigung des Islams\u00bb aufgehoben. Say war 2013 zu zehn Monaten Gef\u00e4ngnis verurteilt worden.<\/span><\/p>\n<p><span style=\"font-family: arial,helvetica,sans-serif; font-size: small;\"><strong>28.2015 &#8212; <span style=\"font-family: arial,helvetica,sans-serif; font-size: small;\">Das oberste Berufungsgericht von Ankara hat eine Verurteilung des Pianisten Fazil Say wegen\u00a0\u00abBeleidigung des Islams\u00bb aufgehoben. Say war 2013 zu zehn Monaten Gef\u00e4ngnis verurteilt worden.<\/span><br \/><\/strong><\/span><\/p>\n<p><span style=\"font-family: arial,helvetica,sans-serif; font-size: small;\">\u00a0<\/span><\/p>\n<p><span style=\"font-family: arial,helvetica,sans-serif; font-size: small;\">Laut einem Bericht des Fachmagazins <em>Resmusica<\/em> ist der Entschied allerdings immer noch nicht definitiv. Er kann vom Gericht weiterhin revidiert werden.<\/span><\/p>\n<p><span style=\"font-family: arial,helvetica,sans-serif; font-size: small;\">\u00a0<\/span><\/p>\n<p><span style=\"font-family: arial,helvetica,sans-serif; font-size: small;\">Anlass der urspr\u00fcnglichen Verurteilung waren religionskritische Tweets Fazil Says. In der Folge fiel der K\u00fcnstler in der offiziellen T\u00fcrkei in Ungnade. Im Juli letzten Jahres hat der B\u00fcrgermeister der Stadt Antalya ihn als k\u00fcnstlerischen Leiter des Festivals der Stadt ausgeschlossen. Zudem veranlasste das t\u00fcrkische Kulturministerium, dass seine Kompositionen aus dem Programm des Pr\u00e4sidialen Symphonieorchesters entfernt wurden. <em>(cf)<\/em><\/span><\/p>\n","protected":false},"excerpt":{"rendered":"<p><span style=\"font-family: arial,helvetica,sans-serif; font-size: small;\">28.2015 &#8212; Das oberste Berufungsgericht von Ankara hat eine Verurteilung des Pianisten Fazil Say wegen\u00a0\u00abBeleidigung des Islams\u00bb aufgehoben. Say war 2013 zu zehn Monaten Gef\u00e4ngnis verurteilt worden.<\/span><\/p>\n","protected":false},"author":1,"featured_media":0,"comment_status":"open","ping_status":"open","sticky":false,"template":"","format":"standard","meta":{"footnotes":""},"categories":[2],"tags":[],"class_list":["post-2620","post","type-post","status-publish","format-standard","hentry","category-nachrichten","entry"],"_links":{"self":[{"href":"https:\/\/codexflores.ch\/index.php\/wp-json\/wp\/v2\/posts\/2620","targetHints":{"allow":["GET"]}}],"collection":[{"href":"https:\/\/codexflores.ch\/index.php\/wp-json\/wp\/v2\/posts"}],"about":[{"href":"https:\/\/codexflores.ch\/index.php\/wp-json\/wp\/v2\/types\/post"}],"author":[{"embeddable":true,"href":"https:\/\/codexflores.ch\/index.php\/wp-json\/wp\/v2\/users\/1"}],"replies":[{"embeddable":true,"href":"https:\/\/codexflores.ch\/index.php\/wp-json\/wp\/v2\/comments?post=2620"}],"version-history":[{"count":0,"href":"https:\/\/codexflores.ch\/index.php\/wp-json\/wp\/v2\/posts\/2620\/revisions"}],"wp:attachment":[{"href":"https:\/\/codexflores.ch\/index.php\/wp-json\/wp\/v2\/media?parent=2620"}],"wp:term":[{"taxonomy":"category","embeddable":true,"href":"https:\/\/codexflores.ch\/index.php\/wp-json\/wp\/v2\/categories?post=2620"},{"taxonomy":"post_tag","embeddable":true,"href":"https:\/\/codexflores.ch\/index.php\/wp-json\/wp\/v2\/tags?post=2620"}],"curies":[{"name":"wp","href":"https:\/\/api.w.org\/{rel}","templated":true}]}}