{"id":2621,"date":"2015-10-29T07:03:13","date_gmt":"2015-10-29T07:03:13","guid":{"rendered":"https:\/\/codexflores.ch\/index.php\/2015\/10\/29\/savall-artist-in-residence-des-luzerner-osterfestivals\/"},"modified":"2015-10-29T07:03:13","modified_gmt":"2015-10-29T07:03:13","slug":"savall-artist-in-residence-des-luzerner-osterfestivals","status":"publish","type":"post","link":"https:\/\/codexflores.ch\/index.php\/2015\/10\/29\/savall-artist-in-residence-des-luzerner-osterfestivals\/","title":{"rendered":"Savall Artist-in-residence des Luzerner Osterfestivals"},"content":{"rendered":"<p><span style=\"font-family: arial,helvetica,sans-serif; font-size: small;\">29.10.2015 &#8212; <span style=\"font-family: arial,helvetica,sans-serif; font-size: small;\">Lucerne Festival<\/span> an Ostern vom 12. bis 20. M\u00e4rz 2016 hat mit Jordi Savall erstmals einen \u00abArtist-in-residence\u00bb. Der Gambist und Dirigent wird insgesamt drei Konzerte bestreiten.<\/span><\/p>\n<p><span style=\"font-family: arial,helvetica,sans-serif; font-size: small;\"><strong>29.10.2015 &#8212;\u00a0<span style=\"font-family: arial,helvetica,sans-serif; font-size: small;\"><span style=\"font-family: arial,helvetica,sans-serif; font-size: small;\">Lucerne Festival<\/span> an Ostern vom 12. bis 20. M\u00e4rz 2016 hat mit Jordi Savall erstmals einen \u00abArtist-in-residence\u00bb. Der Gambist und Dirigent wird insgesamt drei Konzerte bestreiten.<\/span><\/strong><\/span><\/p>\n<p><span style=\"font-family: arial,helvetica,sans-serif; font-size: small;\">\u00a0<\/span><\/p>\n<p><span style=\"font-family: arial,helvetica,sans-serif; font-size: small;\">Savall, der 2016 seinen 75. Geburtstag feiert, ist solistisch sowie mit seinen Ensembles <em>Le Concert des Nations<\/em> und <em>La Capella Reial de Catalunya<\/em> mit grossen barocken Chorwerken zu erleben, ausserdem setzt er mit <em>Hesp\u00e8rion XXI<\/em> traditionelle Weisen der j\u00fcdischen, muslimischen und christlichen Sakralmusik in einen \u00abDialog der Seelen\u00bb. <\/span><\/p>\n<p>\u00a0<\/p>\n<p><span style=\"font-family: arial,helvetica,sans-serif; font-size: small;\">Der Chor und das Symphonieorchester des Bayerischen Rundfunks kommen unter der Leitung von Mariss Jansons zu ihrer j\u00e4hrlichen Residenz mit zwei grossen Konzerten nach Luzern. William Christie und Sir John Eliot Gardiner sorgen f\u00fcr weitere H\u00f6he\u00adpunkte, Bernard Haitink leitet seinen Meisterkurs f\u00fcr Dirigenten. Lucerne Festival Young pr\u00e4sentiert die Tanztheaterproduktion <em>Der kleine Prinz<\/em>.<em> (cf) \u00a0<\/em><\/span><\/p>\n","protected":false},"excerpt":{"rendered":"<p><span style=\"font-family: arial,helvetica,sans-serif; font-size: small;\">29.10.2015 &#8212; <span style=\"font-family: arial,helvetica,sans-serif; font-size: small;\">Lucerne Festival<\/span> an Ostern vom 12. bis 20. M\u00e4rz 2016 hat mit Jordi Savall erstmals einen \u00abArtist-in-residence\u00bb. Der Gambist und Dirigent wird insgesamt drei Konzerte bestreiten.<\/span><\/p>\n","protected":false},"author":1,"featured_media":0,"comment_status":"open","ping_status":"open","sticky":false,"template":"","format":"standard","meta":{"footnotes":""},"categories":[2],"tags":[],"class_list":["post-2621","post","type-post","status-publish","format-standard","hentry","category-nachrichten","entry"],"_links":{"self":[{"href":"https:\/\/codexflores.ch\/index.php\/wp-json\/wp\/v2\/posts\/2621","targetHints":{"allow":["GET"]}}],"collection":[{"href":"https:\/\/codexflores.ch\/index.php\/wp-json\/wp\/v2\/posts"}],"about":[{"href":"https:\/\/codexflores.ch\/index.php\/wp-json\/wp\/v2\/types\/post"}],"author":[{"embeddable":true,"href":"https:\/\/codexflores.ch\/index.php\/wp-json\/wp\/v2\/users\/1"}],"replies":[{"embeddable":true,"href":"https:\/\/codexflores.ch\/index.php\/wp-json\/wp\/v2\/comments?post=2621"}],"version-history":[{"count":0,"href":"https:\/\/codexflores.ch\/index.php\/wp-json\/wp\/v2\/posts\/2621\/revisions"}],"wp:attachment":[{"href":"https:\/\/codexflores.ch\/index.php\/wp-json\/wp\/v2\/media?parent=2621"}],"wp:term":[{"taxonomy":"category","embeddable":true,"href":"https:\/\/codexflores.ch\/index.php\/wp-json\/wp\/v2\/categories?post=2621"},{"taxonomy":"post_tag","embeddable":true,"href":"https:\/\/codexflores.ch\/index.php\/wp-json\/wp\/v2\/tags?post=2621"}],"curies":[{"name":"wp","href":"https:\/\/api.w.org\/{rel}","templated":true}]}}