{"id":2622,"date":"2015-10-30T06:43:34","date_gmt":"2015-10-30T06:43:34","guid":{"rendered":"https:\/\/codexflores.ch\/index.php\/2015\/10\/30\/4-berliner-appell-deutscher-musikverbaende\/"},"modified":"2015-10-30T06:43:34","modified_gmt":"2015-10-30T06:43:34","slug":"4-berliner-appell-deutscher-musikverbaende","status":"publish","type":"post","link":"https:\/\/codexflores.ch\/index.php\/2015\/10\/30\/4-berliner-appell-deutscher-musikverbaende\/","title":{"rendered":"4. Berliner Appell Deutscher Musikverb\u00e4nde"},"content":{"rendered":"<p><span style=\"font-family: arial,helvetica,sans-serif; font-size: small;\">30.10.2015 &#8212; Vertreter von \u00fcber 100 Dachverb\u00e4nden des Musiklebens haben den 4. Berliner Appell \u00abSch\u00f6ne neue Medienwelt: Kreative sch\u00fctzen!\u00bb verabschiedet. Das Positionspapier b\u00fcndelt Forderungen zu Bildung, Kultur und Meiden in Deutschland.<\/span><\/p>\n<p><span style=\"font-family: arial,helvetica,sans-serif; font-size: small;\"><strong>30.10.2015 &#8212;\u00a0<span style=\"font-family: arial,helvetica,sans-serif; font-size: small;\">Vertreter von \u00fcber 100 Dachverb\u00e4nden des Musiklebens haben den 4. Berliner Appell \u00abSch\u00f6ne neue Medienwelt: Kreative sch\u00fctzen!\u00bb verabschiedet. Das Positionspapier b\u00fcndelt Forderungen zu Bildung, Kultur und Meiden in Deutschland.<\/span><\/strong><\/span><\/p>\n<p><span style=\"font-family: arial,helvetica,sans-serif; font-size: small;\">\u00a0<\/span><\/p>\n<p><span style=\"font-family: arial,helvetica,sans-serif; font-size: small;\">Die Medienlandschaft brauche Kulturelle Vielfalt und Bewusstsein f\u00fcr Qualit\u00e4t, heisst es in dem Papier. Deshalb fordert der Deutsche Musikrat erneut die Einf\u00fchrung eines Staatszieles Kultur im Grundgesetz.\u00a0<\/span><\/p>\n<p><span style=\"font-family: arial,helvetica,sans-serif; font-size: small;\">\u00a0<\/span><\/p>\n<p><span style=\"font-family: arial,helvetica,sans-serif; font-size: small;\">Gefordert werden im Weiteren unter anderem faire Verg\u00fctung und Sicherung des kulturellen Schaffens, eine Kulturausgleichsfinanzierung durch digitale Verwerter und Senderfinanzausgleich im dualen System, eine st\u00e4rkere Akzentuierung der regionalen und lokalen Kulturberichterstattung, die Schaffung gesetzlicher Rahmenbedingungen f\u00fcr das digitale Medienangebot auf nationaler und europ\u00e4ischer Ebene od die Bildung von Standards zur Digitalisierung von Kulturg\u00fctern in \u00f6ffentlichen Institutionen. <em>(cf)<\/em><\/span><\/p>\n","protected":false},"excerpt":{"rendered":"<p><span style=\"font-family: arial,helvetica,sans-serif; font-size: small;\">30.10.2015 &#8212; Vertreter von \u00fcber 100 Dachverb\u00e4nden des Musiklebens haben den 4. Berliner Appell \u00abSch\u00f6ne neue Medienwelt: Kreative sch\u00fctzen!\u00bb verabschiedet. Das Positionspapier b\u00fcndelt Forderungen zu Bildung, Kultur und Meiden in Deutschland.<\/span><\/p>\n","protected":false},"author":1,"featured_media":0,"comment_status":"open","ping_status":"open","sticky":false,"template":"","format":"standard","meta":{"footnotes":""},"categories":[2],"tags":[],"class_list":["post-2622","post","type-post","status-publish","format-standard","hentry","category-nachrichten","entry"],"_links":{"self":[{"href":"https:\/\/codexflores.ch\/index.php\/wp-json\/wp\/v2\/posts\/2622","targetHints":{"allow":["GET"]}}],"collection":[{"href":"https:\/\/codexflores.ch\/index.php\/wp-json\/wp\/v2\/posts"}],"about":[{"href":"https:\/\/codexflores.ch\/index.php\/wp-json\/wp\/v2\/types\/post"}],"author":[{"embeddable":true,"href":"https:\/\/codexflores.ch\/index.php\/wp-json\/wp\/v2\/users\/1"}],"replies":[{"embeddable":true,"href":"https:\/\/codexflores.ch\/index.php\/wp-json\/wp\/v2\/comments?post=2622"}],"version-history":[{"count":0,"href":"https:\/\/codexflores.ch\/index.php\/wp-json\/wp\/v2\/posts\/2622\/revisions"}],"wp:attachment":[{"href":"https:\/\/codexflores.ch\/index.php\/wp-json\/wp\/v2\/media?parent=2622"}],"wp:term":[{"taxonomy":"category","embeddable":true,"href":"https:\/\/codexflores.ch\/index.php\/wp-json\/wp\/v2\/categories?post=2622"},{"taxonomy":"post_tag","embeddable":true,"href":"https:\/\/codexflores.ch\/index.php\/wp-json\/wp\/v2\/tags?post=2622"}],"curies":[{"name":"wp","href":"https:\/\/api.w.org\/{rel}","templated":true}]}}