{"id":2624,"date":"2015-10-30T07:15:47","date_gmt":"2015-10-30T07:15:47","guid":{"rendered":"https:\/\/codexflores.ch\/index.php\/2015\/10\/30\/schiavi-uebernimmt-orchestra-sinfonica-nazionale-della-rai\/"},"modified":"2015-10-30T07:15:47","modified_gmt":"2015-10-30T07:15:47","slug":"schiavi-uebernimmt-orchestra-sinfonica-nazionale-della-rai","status":"publish","type":"post","link":"https:\/\/codexflores.ch\/index.php\/2015\/10\/30\/schiavi-uebernimmt-orchestra-sinfonica-nazionale-della-rai\/","title":{"rendered":"Schiavi \u00fcbernimmt Orchestra Sinfonica Nazionale della RAI"},"content":{"rendered":"<p><span style=\"font-family: arial,helvetica,sans-serif; font-size: small;\">30.10.2015 &#8212; Ernesto Schiavi wird derzeitige k\u00fcnstlerische Leiter der Filarmonica della Scala, \u00fcbernimmt per November 2016 den gleichen Posten beim Orchestra Sinfonica Nazionale della RAI.<\/span><\/p>\n<p><span style=\"font-family: arial,helvetica,sans-serif; font-size: small;\"><strong>30.10.2015 &#8212; Ernesto Schiavi wird derzeitige k\u00fcnstlerische Leiter der Filarmonica della Scala, \u00fcbernimmt per November 2016 den gleichen Posten beim Orchestra Sinfonica Nazionale della RAI.<\/strong><\/span><\/p>\n<p><span style=\"font-family: arial,helvetica,sans-serif; font-size: small;\">\u00a0<\/span><\/p>\n<p><span style=\"font-family: arial,helvetica,sans-serif; font-size: small;\">Schiavi ist ein italienisches Urgestein der nationalen Musikszene. Er gr\u00fcndete 1982 zusammen mit Claudio Abbado das Orchester Filarmonica della Scala und 1996 die Accademia della Filarmonica della Scala. Mit der Filarmonica della Scalapfelgte er eine enge Zusammenarbeit mit Dirigenten wie Daniel Barenbo\u00efm, Riccardo Chailly, Gustavo Dudamel, Daniele Gatti und Daniel Harding.<\/span><\/p>\n<p><span style=\"font-family: arial,helvetica,sans-serif; font-size: small;\">\u00a0<\/span><\/p>\n<p><span style=\"font-family: arial,helvetica,sans-serif; font-size: small;\">Das Orchestra Sinfonica Nazionale della Rai entstand 1994 durch den Zusammenschluss der \u00f6ffentlichen Rundfunkorchester von Turin, Rom, Mailand und Neapel und entwickelte sich bald zu einem der angesehensten Ensembles in Italien. Die ersten Konzerte wurden von Georges Pr\u00eatre und Giuseppe Sinopoli dirigiert, am Pult folgten Jeffrey Tate, Rafael Fr\u00fchbeck de Burgos, Eliahu Inbal und Gianandrea Noseda. Seit November 2009 ist Juraj Val\u010duha Chefdirigent des Orchesters.\u00a0<em>(cf)<\/em><\/span><\/p>\n","protected":false},"excerpt":{"rendered":"<p><span style=\"font-family: arial,helvetica,sans-serif; font-size: small;\">30.10.2015 &#8212; Ernesto Schiavi wird derzeitige k\u00fcnstlerische Leiter der Filarmonica della Scala, \u00fcbernimmt per November 2016 den gleichen Posten beim Orchestra Sinfonica Nazionale della RAI.<\/span><\/p>\n","protected":false},"author":1,"featured_media":0,"comment_status":"open","ping_status":"open","sticky":false,"template":"","format":"standard","meta":{"footnotes":""},"categories":[2],"tags":[],"class_list":["post-2624","post","type-post","status-publish","format-standard","hentry","category-nachrichten","entry"],"_links":{"self":[{"href":"https:\/\/codexflores.ch\/index.php\/wp-json\/wp\/v2\/posts\/2624","targetHints":{"allow":["GET"]}}],"collection":[{"href":"https:\/\/codexflores.ch\/index.php\/wp-json\/wp\/v2\/posts"}],"about":[{"href":"https:\/\/codexflores.ch\/index.php\/wp-json\/wp\/v2\/types\/post"}],"author":[{"embeddable":true,"href":"https:\/\/codexflores.ch\/index.php\/wp-json\/wp\/v2\/users\/1"}],"replies":[{"embeddable":true,"href":"https:\/\/codexflores.ch\/index.php\/wp-json\/wp\/v2\/comments?post=2624"}],"version-history":[{"count":0,"href":"https:\/\/codexflores.ch\/index.php\/wp-json\/wp\/v2\/posts\/2624\/revisions"}],"wp:attachment":[{"href":"https:\/\/codexflores.ch\/index.php\/wp-json\/wp\/v2\/media?parent=2624"}],"wp:term":[{"taxonomy":"category","embeddable":true,"href":"https:\/\/codexflores.ch\/index.php\/wp-json\/wp\/v2\/categories?post=2624"},{"taxonomy":"post_tag","embeddable":true,"href":"https:\/\/codexflores.ch\/index.php\/wp-json\/wp\/v2\/tags?post=2624"}],"curies":[{"name":"wp","href":"https:\/\/api.w.org\/{rel}","templated":true}]}}