{"id":2626,"date":"2015-11-02T07:00:07","date_gmt":"2015-11-02T07:00:07","guid":{"rendered":"https:\/\/codexflores.ch\/index.php\/2015\/11\/02\/bilanz-des-46-deutschen-jazzfestival-frankfurt-2015\/"},"modified":"2015-11-02T07:00:07","modified_gmt":"2015-11-02T07:00:07","slug":"bilanz-des-46-deutschen-jazzfestival-frankfurt-2015","status":"publish","type":"post","link":"https:\/\/codexflores.ch\/index.php\/2015\/11\/02\/bilanz-des-46-deutschen-jazzfestival-frankfurt-2015\/","title":{"rendered":"Bilanz des 46. Deutschen Jazzfestival Frankfurt 2015"},"content":{"rendered":"<p><span style=\"font-family: arial,helvetica,sans-serif; font-size: small;\">02.11.2015 &#8212; Das 46. Deutsche Jazzfestival Frankfurt 2015 z\u00e4hlte rund 3000 Eintritte. Zum radikalsten Wagnis geriet die \u00abKollision der Genres\u00bb beim Bandprojekt Hope in der Nachfolge der Frankfurter Ger\u00e4uschfantasten Cassiber.<\/span><\/p>\n<p><span style=\"font-family: arial,helvetica,sans-serif; font-size: small;\"><strong>02.11.2015 &#8212; Das 46. Deutsche Jazzfestival Frankfurt 2015 z\u00e4hlte rund 3000 Eintritte. Zum radikalsten Wagnis geriet die \u00abKollision der Genres\u00bb beim Bandprojekt Hope in der Nachfolge der Frankfurter Ger\u00e4uschfantasten Cassiber.<\/strong><\/span><\/p>\n<p><span style=\"font-family: arial,helvetica,sans-serif; font-size: small;\">\u00a0<\/span><\/p>\n<p><span style=\"font-family: arial,helvetica,sans-serif; font-size: small;\">Weitere Schwerpukte bildeten das Update des Jazz-Composer\u2019s-Orchestra-Projekts mit der hr-Bigband sowie Bands aus Chicago, die das 50-j\u00e4hrige Jubil\u00e4um der Musikerkooperative AACM propagierten. Die Radioh\u00f6rer konnten die ausverkauften Konzerte live in hr2-kultur verfolgen. Ausserdem sind die letzten beiden Festivalabende weiterhin als Video on Demand im Internet zu erleben: auf <a href=\"http:\/\/jazzfestival.hr2-kultur.de\" target=\"_blank\" rel=\"noopener noreferrer\">jazzfestival.hr2-kultur.de<\/a> und auf <a href=\"http:\/\/concert.arte.tv\/de\" target=\"_blank\" rel=\"noopener noreferrer\">concert.arte.tv\/de<\/a>. Das 47. Deutsche Jazzfestival Frankfurt 2016 findet im n\u00e4chsten Jahr vom 26. bis 30. Oktober statt.\u00a0<\/span><\/p>\n<p><span style=\"font-family: arial,helvetica,sans-serif; font-size: small;\">\u00a0<\/span><\/p>\n<p><span style=\"font-family: arial,helvetica,sans-serif; font-size: small;\">Das 46. Deutsche Jazzfestival Frankfurt 2015 wurde vom Hessischen Rundfunk\/hr2-kultur in Zusammenarbeit mit der Stadt Frankfurt am Main\/Dezernat f\u00fcr Kultur und Wissenschaft veranstaltet.<\/span><\/p>\n<p><span style=\"font-family: arial,helvetica,sans-serif; font-size: small;\">\u00a0<\/span><\/p>\n<p><span style=\"font-family: arial,helvetica,sans-serif; font-size: small;\">Personelle Ver\u00e4nderungen gibt es im Team des Deutschen Jazzfestivals Frankfurt: Peter Kemper, einer der langj\u00e4hrigen Programmmacher, wechselt in den Ruhestand. Gleichzeitig verl\u00e4sst auch Guenter Hottmann das Festival-Team. Claus Gnichwitz und J\u00fcrgen Schwab, zwei Redakteure mit engen Verbindungen zur Jazzredaktion von hr2-kultur und der hr-Bigband, werden an ihre Stelle treten, die Festivalleitung liegt nach wie vor bei Olaf St\u00f6tzler.<em> (cf)<\/em><\/span><\/p>\n","protected":false},"excerpt":{"rendered":"<p><span style=\"font-family: arial,helvetica,sans-serif; font-size: small;\">02.11.2015 &#8212; Das 46. Deutsche Jazzfestival Frankfurt 2015 z\u00e4hlte rund 3000 Eintritte. Zum radikalsten Wagnis geriet die \u00abKollision der Genres\u00bb beim Bandprojekt Hope in der Nachfolge der Frankfurter Ger\u00e4uschfantasten Cassiber.<\/span><\/p>\n","protected":false},"author":1,"featured_media":0,"comment_status":"open","ping_status":"open","sticky":false,"template":"","format":"standard","meta":{"footnotes":""},"categories":[2],"tags":[],"class_list":["post-2626","post","type-post","status-publish","format-standard","hentry","category-nachrichten","entry"],"_links":{"self":[{"href":"https:\/\/codexflores.ch\/index.php\/wp-json\/wp\/v2\/posts\/2626","targetHints":{"allow":["GET"]}}],"collection":[{"href":"https:\/\/codexflores.ch\/index.php\/wp-json\/wp\/v2\/posts"}],"about":[{"href":"https:\/\/codexflores.ch\/index.php\/wp-json\/wp\/v2\/types\/post"}],"author":[{"embeddable":true,"href":"https:\/\/codexflores.ch\/index.php\/wp-json\/wp\/v2\/users\/1"}],"replies":[{"embeddable":true,"href":"https:\/\/codexflores.ch\/index.php\/wp-json\/wp\/v2\/comments?post=2626"}],"version-history":[{"count":0,"href":"https:\/\/codexflores.ch\/index.php\/wp-json\/wp\/v2\/posts\/2626\/revisions"}],"wp:attachment":[{"href":"https:\/\/codexflores.ch\/index.php\/wp-json\/wp\/v2\/media?parent=2626"}],"wp:term":[{"taxonomy":"category","embeddable":true,"href":"https:\/\/codexflores.ch\/index.php\/wp-json\/wp\/v2\/categories?post=2626"},{"taxonomy":"post_tag","embeddable":true,"href":"https:\/\/codexflores.ch\/index.php\/wp-json\/wp\/v2\/tags?post=2626"}],"curies":[{"name":"wp","href":"https:\/\/api.w.org\/{rel}","templated":true}]}}