{"id":2627,"date":"2015-11-03T06:39:27","date_gmt":"2015-11-03T06:39:27","guid":{"rendered":"https:\/\/codexflores.ch\/index.php\/2015\/11\/03\/bilanz-der-ersten-mendelssohntage-aarau\/"},"modified":"2015-11-03T06:39:27","modified_gmt":"2015-11-03T06:39:27","slug":"bilanz-der-ersten-mendelssohntage-aarau","status":"publish","type":"post","link":"https:\/\/codexflores.ch\/index.php\/2015\/11\/03\/bilanz-der-ersten-mendelssohntage-aarau\/","title":{"rendered":"Bilanz der ersten Mendelssohntage Aarau"},"content":{"rendered":"<p><span style=\"font-family: arial,helvetica,sans-serif; font-size: small;\">03.11.2015 &#8212; Die ersten Mendelssohntage Aarau haben die Erwartungen der Veranstalter \u00fcbertroffen. Die Konzertreihe generierte rund 2300 Eintritte.<\/span><\/p>\n<p><span style=\"font-family: arial,helvetica,sans-serif; font-size: small;\"><strong>03.11.2015 &#8212; Die ersten Mendelssohntage Aarau haben die Erwartungen der Veranstalter \u00fcbertroffen. Die Konzertreihe generierte rund 2300 Eintritte.<\/strong><\/span><\/p>\n<p><span style=\"font-family: arial,helvetica,sans-serif; font-size: small;\">\u00a0<\/span><\/p>\n<p><span style=\"font-family: arial,helvetica,sans-serif; font-size: small;\">F\u00fcnf Konzerte, die eigens f\u00fcr die R\u00e4umlichkeiten des im April 2015 neu er\u00f6ffneten Stadtmuseums Aarau konzipierte Ausstellung des Mendelssohn-Hauses Leipzig, der 1. Internationale Mendelssohn-Orgelwettbewerb (1. Preis: Nicolaus Berndt), der musikalische Stadtrundgang \u00abAarau klingt!\u00bb, und das Kirchenmusiksymposium der Reformierten Landeskirche Aargau boten in drei Tagen rund 30 Veranstaltungen.<\/span><\/p>\n<p><span style=\"font-family: arial,helvetica,sans-serif; font-size: small;\">\u00a0<\/span><\/p>\n<p><span style=\"font-family: arial,helvetica,sans-serif; font-size: small;\">Zu erleben waren unter anderem der T\u00f6lzer Knabenchor, das Leipziger Gewandhaus-Quartett, der S\u00e4nger Klaus Mertens sowie das Orchester argovia philharmonic, die Ch\u00f6re der Stadtkantorei Aarau, der Projektchor SMW und der Jugendchor Virini der reformierten Kirche Frick.<\/span><\/p>\n<p><span style=\"font-family: arial,helvetica,sans-serif; font-size: small;\">\u00a0<\/span><\/p>\n<p><span style=\"font-family: arial,helvetica,sans-serif; font-size: small;\">Die vom argovia philharmonic in Kooperation mit den Reformierten Kirchgemeinden Landeskirche Aargau, Aarau und Frick durchgef\u00fchrten Mendelssohntage werden 2016 vom 3. bis 6. November ihre Fortsetzung finden.<em> (cf)<\/em><\/span><\/p>\n","protected":false},"excerpt":{"rendered":"<p><span style=\"font-family: arial,helvetica,sans-serif; font-size: small;\">03.11.2015 &#8212; Die ersten Mendelssohntage Aarau haben die Erwartungen der Veranstalter \u00fcbertroffen. Die Konzertreihe generierte rund 2300 Eintritte.<\/span><\/p>\n","protected":false},"author":1,"featured_media":0,"comment_status":"open","ping_status":"open","sticky":false,"template":"","format":"standard","meta":{"footnotes":""},"categories":[2],"tags":[],"class_list":["post-2627","post","type-post","status-publish","format-standard","hentry","category-nachrichten","entry"],"_links":{"self":[{"href":"https:\/\/codexflores.ch\/index.php\/wp-json\/wp\/v2\/posts\/2627","targetHints":{"allow":["GET"]}}],"collection":[{"href":"https:\/\/codexflores.ch\/index.php\/wp-json\/wp\/v2\/posts"}],"about":[{"href":"https:\/\/codexflores.ch\/index.php\/wp-json\/wp\/v2\/types\/post"}],"author":[{"embeddable":true,"href":"https:\/\/codexflores.ch\/index.php\/wp-json\/wp\/v2\/users\/1"}],"replies":[{"embeddable":true,"href":"https:\/\/codexflores.ch\/index.php\/wp-json\/wp\/v2\/comments?post=2627"}],"version-history":[{"count":0,"href":"https:\/\/codexflores.ch\/index.php\/wp-json\/wp\/v2\/posts\/2627\/revisions"}],"wp:attachment":[{"href":"https:\/\/codexflores.ch\/index.php\/wp-json\/wp\/v2\/media?parent=2627"}],"wp:term":[{"taxonomy":"category","embeddable":true,"href":"https:\/\/codexflores.ch\/index.php\/wp-json\/wp\/v2\/categories?post=2627"},{"taxonomy":"post_tag","embeddable":true,"href":"https:\/\/codexflores.ch\/index.php\/wp-json\/wp\/v2\/tags?post=2627"}],"curies":[{"name":"wp","href":"https:\/\/api.w.org\/{rel}","templated":true}]}}