{"id":2628,"date":"2015-11-03T06:58:51","date_gmt":"2015-11-03T06:58:51","guid":{"rendered":"https:\/\/codexflores.ch\/index.php\/2015\/11\/03\/wenn-erhaelt-ein-alban-berg-denkmal\/"},"modified":"2015-11-03T06:58:51","modified_gmt":"2015-11-03T06:58:51","slug":"wenn-erhaelt-ein-alban-berg-denkmal","status":"publish","type":"post","link":"https:\/\/codexflores.ch\/index.php\/2015\/11\/03\/wenn-erhaelt-ein-alban-berg-denkmal\/","title":{"rendered":"Wien erh\u00e4lt ein Alban-Berg-Denkmal"},"content":{"rendered":"<p><span style=\"font-family: arial,helvetica,sans-serif; font-size: small;\">03.11.2015 &#8212; Auf dem Herbert-von-Karajan-Platz vor der Wiener Staatsoper soll im kommenden Fr\u00fchjahr ein Alban-Berg-Denkmal eingeweiht werden. Kreiert wird es von Wolf Prix, dem Chef des Architekturb\u00fcros Coop Himmelb(l)au.<\/span><\/p>\n<p><span style=\"font-family: arial,helvetica,sans-serif; font-size: small;\"><strong>03.11.2015 &#8212; Auf dem Herbert-von-Karajan-Platz vor der Wiener Staatsoper soll im kommenden Fr\u00fchjahr ein Alban-Berg-Denkmal eingeweiht werden. Kreiert wird es von Wolf Prix, dem Chef des Architekturb\u00fcros Coop Himmelb(l)au.<\/strong><\/span><\/p>\n<p>\u00a0<\/p>\n<p><span style=\"font-family: arial,helvetica,sans-serif; font-size: small;\">Das Denkmal laut der \u00f6sterreichischen Zeitung <em>Der Standard<\/em> ist eine sechs Meter hohe \u00abe abstrakte Variation \u00fcber vier Notenbilder\u00bb.\u00a0 Berg, der mit den Opern <em>Wozzeck<\/em> und <em>Lulu<\/em> und weiteren Beitr\u00e4gen zur Zw\u00f6lftonmusik die Musikgeschichte Wiens entscheidend mitbeinflusst hat, sei in seiner Heimatstadt bislang unterrepr\u00e4sentiert.<\/span><\/p>\n<p>\u00a0<\/p>\n<p><span style=\"font-family: arial,helvetica,sans-serif; font-size: small;\">Die Kosten des Denkmals tr\u00e4gt die Alban-Berg-Stiftung selbst. Daf\u00fcr werden rund f\u00fcnf Prozent der bis 2005 eingenommenen Tantiemen und damit des derzeitigen Stiftungsverm\u00f6gens aufgeworfen. <em>(cf)<\/em><\/span><\/p>\n<p>\u00a0<\/p>\n","protected":false},"excerpt":{"rendered":"<p><span style=\"font-family: arial,helvetica,sans-serif; font-size: small;\">03.11.2015 &#8212; Auf dem Herbert-von-Karajan-Platz vor der Wiener Staatsoper soll im kommenden Fr\u00fchjahr ein Alban-Berg-Denkmal eingeweiht werden. Kreiert wird es von Wolf Prix, dem Chef des Architekturb\u00fcros Coop Himmelb(l)au.<\/span><\/p>\n","protected":false},"author":1,"featured_media":0,"comment_status":"open","ping_status":"open","sticky":false,"template":"","format":"standard","meta":{"footnotes":""},"categories":[2],"tags":[],"class_list":["post-2628","post","type-post","status-publish","format-standard","hentry","category-nachrichten","entry"],"_links":{"self":[{"href":"https:\/\/codexflores.ch\/index.php\/wp-json\/wp\/v2\/posts\/2628","targetHints":{"allow":["GET"]}}],"collection":[{"href":"https:\/\/codexflores.ch\/index.php\/wp-json\/wp\/v2\/posts"}],"about":[{"href":"https:\/\/codexflores.ch\/index.php\/wp-json\/wp\/v2\/types\/post"}],"author":[{"embeddable":true,"href":"https:\/\/codexflores.ch\/index.php\/wp-json\/wp\/v2\/users\/1"}],"replies":[{"embeddable":true,"href":"https:\/\/codexflores.ch\/index.php\/wp-json\/wp\/v2\/comments?post=2628"}],"version-history":[{"count":0,"href":"https:\/\/codexflores.ch\/index.php\/wp-json\/wp\/v2\/posts\/2628\/revisions"}],"wp:attachment":[{"href":"https:\/\/codexflores.ch\/index.php\/wp-json\/wp\/v2\/media?parent=2628"}],"wp:term":[{"taxonomy":"category","embeddable":true,"href":"https:\/\/codexflores.ch\/index.php\/wp-json\/wp\/v2\/categories?post=2628"},{"taxonomy":"post_tag","embeddable":true,"href":"https:\/\/codexflores.ch\/index.php\/wp-json\/wp\/v2\/tags?post=2628"}],"curies":[{"name":"wp","href":"https:\/\/api.w.org\/{rel}","templated":true}]}}