{"id":2629,"date":"2015-11-03T11:05:35","date_gmt":"2015-11-03T11:05:35","guid":{"rendered":"https:\/\/codexflores.ch\/index.php\/2015\/11\/03\/agnes-jaoui-nostalgias\/"},"modified":"2015-11-03T11:05:35","modified_gmt":"2015-11-03T11:05:35","slug":"agnes-jaoui-nostalgias","status":"publish","type":"post","link":"https:\/\/codexflores.ch\/index.php\/2015\/11\/03\/agnes-jaoui-nostalgias\/","title":{"rendered":"Agn\u00e8s Jaoui: Nostalgias"},"content":{"rendered":"<p><img decoding=\"async\" src=\"images\/bilder2015\/151030jaoui.jpg\" border=\"0\" alt=\"Cover CD\" width=\"100\" style=\"float: left; margin: 8px;\" \/><span style=\"font-family: arial,helvetica,sans-serif; font-size: small;\">03.11.2015 \u2013 In den letzten Jahrzehnten hat sich eine Art interkontinental-paneurop\u00e4ische Volksmusik herausgebildet, eine eklektische, aber authentische Musik, die Motive der popul\u00e4ren Musikkulturen von Russland \u00fcber Osteuropa und den Balkan, die Mittelmeerl\u00e4nder bis zu den Ablegern in Lateinamerika aufnimmt. Ihr eigent\u00fcmlicher Charakter und ihre Legitimation als kreative Weiterentwicklung lokaler Traditionen wird gepr\u00e4gt durch die freiwillige und unfreiwillige Migration als alles durchdringendes Thema. Sie verleiht diesen Klangwelten den verletzlichen und melancholischen Grundton. So sind es denn auch vornehmlich die vielfach entwurzelten Volksgruppen Europas, die ihr den Stempel aufdr\u00fccken: Roma, Sinti, Gypsys, Juden, mediterrane und osteurop\u00e4ische Migranten in Kuba, Brasilien, Argentinien \u2012 mit ihren eigenen Stilen wie Czardas, Klezmer, Jazz manouche, Musette, Flamenco, Fado, Mornas, Son, Tango\u2026<\/span><\/p>\n<p>\u00a0<\/p>\n<p><img decoding=\"async\" src=\"images\/bilder2015\/151030jaoui.jpg\" border=\"0\" alt=\"Cover CD\" width=\"100\" style=\"float: left; margin: 8px;\" \/><span style=\"font-family: arial,helvetica,sans-serif; font-size: small;\">03.11.2015 \u2013 In den letzten Jahrzehnten hat sich eine Art interkontinental-paneurop\u00e4ische Volksmusik herausgebildet, eine eklektische, aber authentische Musik, die Motive der popul\u00e4ren Musikkulturen von Russland \u00fcber Osteuropa und den Balkan, die Mittelmeerl\u00e4nder bis zu den Ablegern in Lateinamerika aufnimmt. Ihr eigent\u00fcmlicher Charakter und ihre Legitimation als kreative Weiterentwicklung lokaler Traditionen wird gepr\u00e4gt durch die freiwillige und unfreiwillige Migration als alles durchdringendes Thema. Sie verleiht diesen Klangwelten den verletzlichen und melancholischen Grundton. So sind es denn auch vornehmlich die vielfach entwurzelten Volksgruppen Europas, die ihr den Stempel aufdr\u00fccken: Roma, Sinti, Gypsys, Juden, mediterrane und osteurop\u00e4ische Migranten in Kuba, Brasilien, Argentinien \u2012 mit ihren eigenen Stilen wie Czardas, Klezmer, Jazz manouche, Musette, Flamenco, Fado, Mornas, Son, Tango\u2026<\/span><\/p>\n<p><span style=\"font-family: arial,helvetica,sans-serif; font-size: small;\">\u00a0<\/span><\/p>\n<p><span style=\"font-family: arial,helvetica,sans-serif; font-size: small;\">Es sind in den vergangenen Jahren in den verschiedensten L\u00e4ndern zahlreiche Musikgruppen aktiv geworden, die entweder die Stile mischen oder sie aus andern Gegenden aufnehmen. Typisch ist etwa der finnische Tango, aber auch lokale Formationen wie das Berner Traktorkestar, das Balkanmusik spielt, und Festivals, die den Weiterentwicklungen Raum geben wie das Kremser <em>Glatt und Verkehrt<\/em> oder die Stanser <em>Alpent\u00f6ne<\/em>.<\/span><\/p>\n<p>\u00a0<\/p>\n<p><span style=\"font-family: arial,helvetica,sans-serif; font-size: small;\">In diesem h\u00f6chst kreativen Umfeld setzt die S\u00e4ngerin Agn\u00e8s Jaoui, die nicht zuf\u00e4llig auch Schauspielerin ist, einen Glanzpunkt, ist diese Art von Musik doch zugleich h\u00f6chst narrativ wie auch emotional. Jaoui hat sie als Tunesierin mit j\u00fcdischen Wurzeln, die in Frankreich lebt, sozusagen im Blut. Sie legt mit ihrem brillanten Ensemble \u00abEl Quintet oficial\u00bb und weiteren Musikern \u2013, einem kleinen Chor, Holzbl\u00e4sern und Streichern \u2013 ein durch und durch gelungenes Album vor: \u00abNostalgias\u00bb. Es ist auch der Titel eines Klassikers der Tangoliteratur von Juan Carlos Cobi\u00e1n, den Jaoui mit dem legend\u00e4ren argentinischen Pianisten Gustavo Beytelmann an den Schluss setzt. Die Version beweist eindr\u00fccklich, dass man wohlbekannte, festgef\u00fcgte Traditionen aufbrechen kann, ohne in Sachen\u00a0 Wahrhaftigkeit und Expressivit\u00e4t Einbussen hinnehmen zu m\u00fcssen. Es gibt immer Alternativen.<br \/><\/span><\/p>\n<p>\u00a0<\/p>\n<p><span style=\"font-family: arial,helvetica,sans-serif; font-size: small;\">\u00abEl Quintet oficial\u00bb besteht aus Fl\u00f6ten, Kontrabass, Gitarren, Bandoneon, die Arrangements sind hochklassig und geben der warmen und sinnlichen Stimme Agn\u00e8s Jaouis genug Raum. Das Ensemble entstand unter dem Eindruck einer Kubareise der S\u00e4ngerin noch vor dem Erfolg des Filmes \u00abBuena Vista Social Club\u00bb. Daneben nennt Jaoui als Inspirationen Innovatoren lokaler Stile wie die Portugiesische Fadista Misia oder die Nuevo-Flamenco-Vertreter Ojos De Brujo, aber auch Christina Pluhar als Barockinterpretin.<\/span><\/p>\n<p><span style=\"font-family: arial,helvetica,sans-serif; font-size: small;\"><strong><br \/>Info:<\/strong> Nostalgias, Agn\u00e8s Jaoui y el quinteto oficial. Warner Classics 2015<\/span><\/p>\n","protected":false},"excerpt":{"rendered":"<p><img decoding=\"async\" src=\"images\/bilder2015\/151030jaoui.jpg\" border=\"0\" alt=\"Cover CD\" width=\"100\" style=\"float: left; margin: 8px;\" \/><span style=\"font-family: arial,helvetica,sans-serif; font-size: small;\">03.11.2015 \u2013 In den letzten Jahrzehnten hat sich eine Art interkontinental-paneurop\u00e4ische Volksmusik herausgebildet, eine eklektische, aber authentische Musik, die Motive der popul\u00e4ren Musikkulturen von Russland \u00fcber Osteuropa und den Balkan, die Mittelmeerl\u00e4nder bis zu den Ablegern in Lateinamerika aufnimmt. Ihr eigent\u00fcmlicher Charakter und ihre Legitimation als kreative Weiterentwicklung lokaler Traditionen wird gepr\u00e4gt durch die freiwillige und unfreiwillige Migration als alles durchdringendes Thema. Sie verleiht diesen Klangwelten den verletzlichen und melancholischen Grundton. So sind es denn auch vornehmlich die vielfach entwurzelten Volksgruppen Europas, die ihr den Stempel aufdr\u00fccken: Roma, Sinti, Gypsys, Juden, mediterrane und osteurop\u00e4ische Migranten in Kuba, Brasilien, Argentinien \u2012 mit ihren eigenen Stilen wie Czardas, Klezmer, Jazz manouche, Musette, Flamenco, Fado, Mornas, Son, Tango\u2026<\/span><\/p>\n","protected":false},"author":1,"featured_media":0,"comment_status":"open","ping_status":"open","sticky":false,"template":"","format":"standard","meta":{"footnotes":""},"categories":[4],"tags":[],"class_list":["post-2629","post","type-post","status-publish","format-standard","hentry","category-im-gespraech","entry"],"_links":{"self":[{"href":"https:\/\/codexflores.ch\/index.php\/wp-json\/wp\/v2\/posts\/2629","targetHints":{"allow":["GET"]}}],"collection":[{"href":"https:\/\/codexflores.ch\/index.php\/wp-json\/wp\/v2\/posts"}],"about":[{"href":"https:\/\/codexflores.ch\/index.php\/wp-json\/wp\/v2\/types\/post"}],"author":[{"embeddable":true,"href":"https:\/\/codexflores.ch\/index.php\/wp-json\/wp\/v2\/users\/1"}],"replies":[{"embeddable":true,"href":"https:\/\/codexflores.ch\/index.php\/wp-json\/wp\/v2\/comments?post=2629"}],"version-history":[{"count":0,"href":"https:\/\/codexflores.ch\/index.php\/wp-json\/wp\/v2\/posts\/2629\/revisions"}],"wp:attachment":[{"href":"https:\/\/codexflores.ch\/index.php\/wp-json\/wp\/v2\/media?parent=2629"}],"wp:term":[{"taxonomy":"category","embeddable":true,"href":"https:\/\/codexflores.ch\/index.php\/wp-json\/wp\/v2\/categories?post=2629"},{"taxonomy":"post_tag","embeddable":true,"href":"https:\/\/codexflores.ch\/index.php\/wp-json\/wp\/v2\/tags?post=2629"}],"curies":[{"name":"wp","href":"https:\/\/api.w.org\/{rel}","templated":true}]}}