{"id":2631,"date":"2015-11-05T06:49:02","date_gmt":"2015-11-05T06:49:02","guid":{"rendered":"https:\/\/codexflores.ch\/index.php\/2015\/11\/05\/vilde-fang-ist-preistraegerin-in-residence\/"},"modified":"2015-11-05T06:49:02","modified_gmt":"2015-11-05T06:49:02","slug":"vilde-fang-ist-preistraegerin-in-residence","status":"publish","type":"post","link":"https:\/\/codexflores.ch\/index.php\/2015\/11\/05\/vilde-fang-ist-preistraegerin-in-residence\/","title":{"rendered":"Vilde Frang ist \u00abPreistr\u00e4gerin in Residence\u00bb"},"content":{"rendered":"<p><span style=\"font-family: arial,helvetica,sans-serif; font-size: small;\">05.11.2015 &#8212; Jedes Jahr vergeben die Festspiele Mecklenburg-Vorpommern den etwas ungew\u00f6hnlichen Titel eines \u00abPreistr\u00e4gers in Residence\u00bb an einen K\u00fcnstler aus der Preistr\u00e4gerfamilie des Festivals. Im Festspielsommer 2016 ist es die Geigerin Vilde Frang.<\/span><\/p>\n<p><span style=\"font-family: arial,helvetica,sans-serif; font-size: small;\"><strong>05.11.2015 &#8212; Jedes Jahr vergeben die Festspiele Mecklenburg-Vorpommern den etwas ungew\u00f6hnlichen Titel eines \u00abPreistr\u00e4gers in Residence\u00bb an einen K\u00fcnstler aus der Preistr\u00e4gerfamilie des Festivals. Im Festspielsommer 2016 ist es die Geigerin Vilde Frang.<\/strong><\/span><\/p>\n<p><span style=\"font-family: arial,helvetica,sans-serif; font-size: small;\">\u00a0<\/span><\/p>\n<p><span style=\"font-family: arial,helvetica,sans-serif; font-size: small;\">Die 29-j\u00e4hrige Violinistin Vilde Frang hat im Jahr 2012 auch den Cr\u00e9dit Suisse Young Artist Award zugesprochen erhalten. Daneben ist sie Tr\u00e4gerin des Classic Brit Award, eines Diapason d\u2019Or oder eines Preises der Deutschen Schallplattenkritik bei Festivals wie dem Rheingau Musik Festival, dem Verbier Festival oder dem Lucerne Festival. Sie ist Exklusiv-K\u00fcnstlerin bei Warner (EMI) und spielt die Engleman-Stradivari aus dem Jahr 1709, eine Leihgabe der Nippon Music Foundation.<\/span><\/p>\n<p><span style=\"font-family: arial,helvetica,sans-serif; font-size: small;\">\u00a0<\/span><\/p>\n<p><span style=\"font-family: arial,helvetica,sans-serif; font-size: small;\">Als Auftakt ihrer Residenz bei den Festspielen Mecklenburg-Vorpommern spielt die ehemalige Stipendiatin von Anne-Sophie Mutter mit dem NDR Sinfonieorchester unter Leitung von Sakari Oramo Brittens Violinkonzert. Ausserdem ist sie als Solistin mit weiteren Orchestern, als Kammermusikerin im Zusammenspiel mit prominenten Partnern sowie bei den Kammermusikwochen mit Festspielpreistr\u00e4gern und musikalischen Freunden zu erleben. <em>(cf)\u00a0<\/em><\/span><\/p>\n","protected":false},"excerpt":{"rendered":"<p><span style=\"font-family: arial,helvetica,sans-serif; font-size: small;\">05.11.2015 &#8212; Jedes Jahr vergeben die Festspiele Mecklenburg-Vorpommern den etwas ungew\u00f6hnlichen Titel eines \u00abPreistr\u00e4gers in Residence\u00bb an einen K\u00fcnstler aus der Preistr\u00e4gerfamilie des Festivals. Im Festspielsommer 2016 ist es die Geigerin Vilde Frang.<\/span><\/p>\n","protected":false},"author":1,"featured_media":0,"comment_status":"open","ping_status":"open","sticky":false,"template":"","format":"standard","meta":{"footnotes":""},"categories":[2],"tags":[],"class_list":["post-2631","post","type-post","status-publish","format-standard","hentry","category-nachrichten","entry"],"_links":{"self":[{"href":"https:\/\/codexflores.ch\/index.php\/wp-json\/wp\/v2\/posts\/2631","targetHints":{"allow":["GET"]}}],"collection":[{"href":"https:\/\/codexflores.ch\/index.php\/wp-json\/wp\/v2\/posts"}],"about":[{"href":"https:\/\/codexflores.ch\/index.php\/wp-json\/wp\/v2\/types\/post"}],"author":[{"embeddable":true,"href":"https:\/\/codexflores.ch\/index.php\/wp-json\/wp\/v2\/users\/1"}],"replies":[{"embeddable":true,"href":"https:\/\/codexflores.ch\/index.php\/wp-json\/wp\/v2\/comments?post=2631"}],"version-history":[{"count":0,"href":"https:\/\/codexflores.ch\/index.php\/wp-json\/wp\/v2\/posts\/2631\/revisions"}],"wp:attachment":[{"href":"https:\/\/codexflores.ch\/index.php\/wp-json\/wp\/v2\/media?parent=2631"}],"wp:term":[{"taxonomy":"category","embeddable":true,"href":"https:\/\/codexflores.ch\/index.php\/wp-json\/wp\/v2\/categories?post=2631"},{"taxonomy":"post_tag","embeddable":true,"href":"https:\/\/codexflores.ch\/index.php\/wp-json\/wp\/v2\/tags?post=2631"}],"curies":[{"name":"wp","href":"https:\/\/api.w.org\/{rel}","templated":true}]}}