{"id":2638,"date":"2015-11-10T06:56:02","date_gmt":"2015-11-10T06:56:02","guid":{"rendered":"https:\/\/codexflores.ch\/index.php\/2015\/11\/10\/nicolas-altstaedt-ist-traeger-des-beethoven-rings\/"},"modified":"2015-11-10T06:56:02","modified_gmt":"2015-11-10T06:56:02","slug":"nicolas-altstaedt-ist-traeger-des-beethoven-rings","status":"publish","type":"post","link":"https:\/\/codexflores.ch\/index.php\/2015\/11\/10\/nicolas-altstaedt-ist-traeger-des-beethoven-rings\/","title":{"rendered":"Nicolas Altstaedt ist Tr\u00e4ger des Beethoven-Rings"},"content":{"rendered":"<p><span style=\"font-family: arial,helvetica,sans-serif; font-size: small;\">10.11.2015 &#8212; Der Cellist Nicolas Altstaedt erh\u00e4lt den Beethoven-Ring 2015. Die Auszeichnung wird jeweils einem der f\u00fcnf j\u00fcngsten Beethoven-Interpreten des Beethovenfestes Bonn zuerkannt.<\/span><\/p>\n<p><span style=\"font-family: arial,helvetica,sans-serif; font-size: small;\"><strong>10.11.2015 &#8212; Der Cellist Nicolas Altstaedt erh\u00e4lt den Beethoven-Ring 2015. Die Auszeichnung wird jeweils einem der f\u00fcnf j\u00fcngsten Beethoven-Interpreten des Beethovenfestes Bonn zuerkannt.<\/strong><\/span><\/p>\n<p><span style=\"font-family: arial,helvetica,sans-serif; font-size: small;\">\u00a0<\/span><\/p>\n<p><span style=\"font-family: arial,helvetica,sans-serif; font-size: small;\">Mit Nico\u00adlas Altstaedt habe ein K\u00fcnstler gewonnen, der sich durch herausragende Interpretation klassischer Werke und auch zeitgen\u00f6ssischer Mu\u00adsik auszeichne, schreiben die B\u00fcrger f\u00fcr Beethoven. Das sei ganz im Sinn Ludwig van Beethovens, der die Musik seiner Zeit im\u00admer wie\u00adder erweitert habe und Gat\u00adtungsgrenzen sprengte.<\/span><\/p>\n<p>\u00a0<\/p>\n<p><span style=\"font-family: arial,helvetica,sans-serif; font-size: small;\">Der Beethoven-Ring wird in einer schriftlichen Abstimmung von den fast 1500 Mitgliedern der\u00a0B\u00fcrger f\u00fcr Beethoven unter den f\u00fcnf j\u00fcngsten Solisten des Beethovenfestes vergeben, die ein Beethovenwerk darbie\u00adten. Der 1982 geborene Nicolas Altstaedt setzte sich bei der Wahl mit 47 Prozent deutlich gegen den Pianisten Herbert Schuch (19 Prozent) durch. Die Mitbewerber Soo-Joung Ann (Klavier), Patrick Lange (Dirigent) und Aurelien Pascal (Vio\u00adloncello) folgten auf den Pl\u00e4tzen. <em>(cf)<\/em>\u00a0 <\/span><\/p>\n","protected":false},"excerpt":{"rendered":"<p><span style=\"font-family: arial,helvetica,sans-serif; font-size: small;\">10.11.2015 &#8212; Der Cellist Nicolas Altstaedt erh\u00e4lt den Beethoven-Ring 2015. Die Auszeichnung wird jeweils einem der f\u00fcnf j\u00fcngsten Beethoven-Interpreten des Beethovenfestes Bonn zuerkannt.<\/span><\/p>\n","protected":false},"author":1,"featured_media":0,"comment_status":"open","ping_status":"open","sticky":false,"template":"","format":"standard","meta":{"footnotes":""},"categories":[2],"tags":[],"class_list":["post-2638","post","type-post","status-publish","format-standard","hentry","category-nachrichten","entry"],"_links":{"self":[{"href":"https:\/\/codexflores.ch\/index.php\/wp-json\/wp\/v2\/posts\/2638","targetHints":{"allow":["GET"]}}],"collection":[{"href":"https:\/\/codexflores.ch\/index.php\/wp-json\/wp\/v2\/posts"}],"about":[{"href":"https:\/\/codexflores.ch\/index.php\/wp-json\/wp\/v2\/types\/post"}],"author":[{"embeddable":true,"href":"https:\/\/codexflores.ch\/index.php\/wp-json\/wp\/v2\/users\/1"}],"replies":[{"embeddable":true,"href":"https:\/\/codexflores.ch\/index.php\/wp-json\/wp\/v2\/comments?post=2638"}],"version-history":[{"count":0,"href":"https:\/\/codexflores.ch\/index.php\/wp-json\/wp\/v2\/posts\/2638\/revisions"}],"wp:attachment":[{"href":"https:\/\/codexflores.ch\/index.php\/wp-json\/wp\/v2\/media?parent=2638"}],"wp:term":[{"taxonomy":"category","embeddable":true,"href":"https:\/\/codexflores.ch\/index.php\/wp-json\/wp\/v2\/categories?post=2638"},{"taxonomy":"post_tag","embeddable":true,"href":"https:\/\/codexflores.ch\/index.php\/wp-json\/wp\/v2\/tags?post=2638"}],"curies":[{"name":"wp","href":"https:\/\/api.w.org\/{rel}","templated":true}]}}