{"id":2647,"date":"2015-11-13T10:17:41","date_gmt":"2015-11-13T10:17:41","guid":{"rendered":"https:\/\/codexflores.ch\/index.php\/2015\/11\/13\/symposium-zwischenzeiten-in-oldenburg\/"},"modified":"2015-11-13T10:17:41","modified_gmt":"2015-11-13T10:17:41","slug":"symposium-zwischenzeiten-in-oldenburg","status":"publish","type":"post","link":"https:\/\/codexflores.ch\/index.php\/2015\/11\/13\/symposium-zwischenzeiten-in-oldenburg\/","title":{"rendered":"Symposium ZwischenZeiten in Oldenburg"},"content":{"rendered":"<p><span style=\"font-family: arial,helvetica,sans-serif; font-size: small;\"><strong>13.11.2015 &#8212; Doppeltes Jubil\u00e4um: 20 Jahre Archiv f\u00fcr osteurop\u00e4ische Musik und 10 Jahre ZwischenZeiten Symposien in Oldenburg.<\/strong><\/span><\/p>\n<p><span style=\"font-family: arial,helvetica,sans-serif; font-size: small;\">\u00a0<\/span><\/p>\n<p><span style=\"font-family: arial,helvetica,sans-serif; font-size: small;\">Musikwissenschaft anregend und spannend, als Geisteswissenschaft im vielgestaltigen Dialog mit der lebendigen Musik war vier Tage lang seit dem vergangenen Wochenende im Oldenburger Hanse-Wissenschaftskolleg zu erleben. Das von Violeta Dinescu vor 20 Jahren gegr\u00fcndete Archiv f\u00fcr osteurop\u00e4ische Musik, ausgehend vom Institut f\u00fcr Musik der Carl von Ossietzky Universit\u00e4t Oldenburg war nicht allein als Sammelstelle von Partituren, B\u00fcchern und allerlei Dokumenten gedacht, sondern als Grundlage f\u00fcr st\u00e4ndig neu zu entdeckenden Quellen der Forschung.<\/span><\/p>\n<p><span style=\"font-family: arial,helvetica,sans-serif; font-size: small;\"><strong><strong>13.11.2015 &#8212; Doppeltes Jubil\u00e4um: 20 Jahre Archiv f\u00fcr osteurop\u00e4ische Musik und 10 Jahre ZwischenZeiten Symposien in Oldenburg.<\/strong><\/strong><\/span><\/p>\n<p><span style=\"font-family: arial,helvetica,sans-serif; font-size: small;\"><strong>\u00a0<\/strong><\/span><\/p>\n<p><span style=\"font-family: arial,helvetica,sans-serif; font-size: small;\">Musikwissenschaft anregend und spannend, als Geisteswissenschaft im vielgestaltigen Dialog mit der lebendigen Musik war vier Tage lang seit dem vergangenen Wochenende im Oldenburger Hanse-Wissenschaftskolleg zu erleben. Das von Violeta Dinescu vor 20 Jahren gegr\u00fcndete Archiv f\u00fcr osteurop\u00e4ische Musik, ausgehend vom Institut f\u00fcr Musik der Carl von Ossietzky Universit\u00e4t Oldenburg war nicht allein als Sammelstelle von Partituren, B\u00fcchern und allerlei Dokumenten gedacht, sondern als Grundlage f\u00fcr st\u00e4ndig neu zu entdeckenden Quellen der Forschung.<\/span><\/p>\n<p><span style=\"font-family: arial,helvetica,sans-serif; font-size: small;\">\u00a0<\/span><\/p>\n<p><span style=\"font-family: arial,helvetica,sans-serif; font-size: small;\">Daraus entwickelte sich seit 2006 die Reihe der <em>ZwischenZeiten<\/em> Symposien, die entweder um das Schaffen von Komponisten wie beispielsweise George Enescu, Paul Constantinescu, B\u00e9la Bart\u00f3k oder Stefan Niculescu kreisen, oder kulturhistorische Wurzeln osteurop\u00e4ischer Musik untersuchen sowie interkulturelle Bez\u00fcge zwischen der ost- und westeurop\u00e4ischen Musik.<\/span><\/p>\n<p><span style=\"font-family: arial,helvetica,sans-serif; font-size: small;\"><em>\u00a0<\/em><\/span><\/p>\n<p><span style=\"font-family: arial,helvetica,sans-serif; font-size: small;\"><em>Ison und andere Formen der Mehrstimmigkeit in der rum\u00e4nischen Musik des 20. Und 21. Jahrhunderts <\/em>war in diesem Jahr das Thema, das mit einer Buchpr\u00e4sentation eingeleitet wurde, einem Vortrag des Philosophen Michael Sukale und einem Konzert des ausgezeichneten Trio <em>Contraste<\/em> mit einer Reihe von Urauff\u00fchrungen auf dem Programm.<\/span><\/p>\n<p><span style=\"font-family: arial,helvetica,sans-serif; font-size: small;\">\u00a0<\/span><\/p>\n<p><span style=\"font-family: arial,helvetica,sans-serif; font-size: small;\">In den folgenden Tagen referierte unter anderem Laura Manolache, Martin Kowalewski, Ana Szilagyi, Adalbert Grote, Michael Heinemann, Corneliu Dan Georgescu, Eva-Maria Houben und Monika J\u00e4ger \u00fcber das gegebene Thema aus unterschiedlichen Blickwinkeln. Zu den Diskussionen beteiligten sich unter anderem auch die Philosophen Michael Sukale und Silke Wulf sowie der Neurologe Heinz-Joachim Meencke.<\/span><\/p>\n<p><span style=\"font-family: arial,helvetica,sans-serif; font-size: small;\">\u00a0<\/span><\/p>\n<p><span style=\"font-family: arial,helvetica,sans-serif; font-size: small;\">Das von Violeta Dinescu und Roberto Reale organisierte Symposium wurde festlich beendet, mit einem Konzert der Pianistin Raluca Stirbat mit Werken von George Enescu, darunter der noch im Manuskript befindliche <em>Sonatensatz<\/em> fis-Moll (1912) als europ\u00e4ische Erstauff\u00fchrung, dem ein ausf\u00fchrliches Gespr\u00e4ch der K\u00fcnstlerin mit der Musikwissenschaftlerin Kadja Gr\u00f6nke voraus ging. <em>Ana Popescu von B\u00fclow*<\/em><\/span><\/p>\n<p><span style=\"font-family: arial,helvetica,sans-serif; font-size: small;\">\u00a0<\/span><\/p>\n<p style=\"text-align: left;\"><span style=\"font-family: arial,helvetica,sans-serif; font-size: small;\"><em>*Ana Popescu von B\u00fclow ist freie Korrepsondentin. Sie war am Symposium auch Referentin.<\/em><\/span><\/p>\n<p><span style=\"font-family: arial,helvetica,sans-serif; font-size: small;\">\u00a0<\/span><\/p>\n<p>\u00a0<\/p>\n<p>\u00a0<\/p>\n","protected":false},"excerpt":{"rendered":"<p><span style=\"font-family: arial,helvetica,sans-serif; font-size: small;\"><strong>13.11.2015 &#8212; Doppeltes Jubil\u00e4um: 20 Jahre Archiv f\u00fcr osteurop\u00e4ische Musik und 10 Jahre ZwischenZeiten Symposien in Oldenburg.<\/strong><\/span><\/p>\n<p><span style=\"font-family: arial,helvetica,sans-serif; font-size: small;\">\u00a0<\/span><\/p>\n<p><span style=\"font-family: arial,helvetica,sans-serif; font-size: small;\">Musikwissenschaft anregend und spannend, als Geisteswissenschaft im vielgestaltigen Dialog mit der lebendigen Musik war vier Tage lang seit dem vergangenen Wochenende im Oldenburger Hanse-Wissenschaftskolleg zu erleben. Das von Violeta Dinescu vor 20 Jahren gegr\u00fcndete Archiv f\u00fcr osteurop\u00e4ische Musik, ausgehend vom Institut f\u00fcr Musik der Carl von Ossietzky Universit\u00e4t Oldenburg war nicht allein als Sammelstelle von Partituren, B\u00fcchern und allerlei Dokumenten gedacht, sondern als Grundlage f\u00fcr st\u00e4ndig neu zu entdeckenden Quellen der Forschung.<\/span><\/p>\n","protected":false},"author":1,"featured_media":0,"comment_status":"open","ping_status":"open","sticky":false,"template":"","format":"standard","meta":{"footnotes":""},"categories":[12],"tags":[],"class_list":["post-2647","post","type-post","status-publish","format-standard","hentry","category-ereignisbesprechungen","entry"],"_links":{"self":[{"href":"https:\/\/codexflores.ch\/index.php\/wp-json\/wp\/v2\/posts\/2647","targetHints":{"allow":["GET"]}}],"collection":[{"href":"https:\/\/codexflores.ch\/index.php\/wp-json\/wp\/v2\/posts"}],"about":[{"href":"https:\/\/codexflores.ch\/index.php\/wp-json\/wp\/v2\/types\/post"}],"author":[{"embeddable":true,"href":"https:\/\/codexflores.ch\/index.php\/wp-json\/wp\/v2\/users\/1"}],"replies":[{"embeddable":true,"href":"https:\/\/codexflores.ch\/index.php\/wp-json\/wp\/v2\/comments?post=2647"}],"version-history":[{"count":0,"href":"https:\/\/codexflores.ch\/index.php\/wp-json\/wp\/v2\/posts\/2647\/revisions"}],"wp:attachment":[{"href":"https:\/\/codexflores.ch\/index.php\/wp-json\/wp\/v2\/media?parent=2647"}],"wp:term":[{"taxonomy":"category","embeddable":true,"href":"https:\/\/codexflores.ch\/index.php\/wp-json\/wp\/v2\/categories?post=2647"},{"taxonomy":"post_tag","embeddable":true,"href":"https:\/\/codexflores.ch\/index.php\/wp-json\/wp\/v2\/tags?post=2647"}],"curies":[{"name":"wp","href":"https:\/\/api.w.org\/{rel}","templated":true}]}}