{"id":2653,"date":"2015-11-18T07:29:59","date_gmt":"2015-11-18T07:29:59","guid":{"rendered":"https:\/\/codexflores.ch\/index.php\/2015\/11\/18\/sebastian-f-schwarz-wird-glyndebourne-chef\/"},"modified":"2015-11-18T07:29:59","modified_gmt":"2015-11-18T07:29:59","slug":"sebastian-f-schwarz-wird-glyndebourne-chef","status":"publish","type":"post","link":"https:\/\/codexflores.ch\/index.php\/2015\/11\/18\/sebastian-f-schwarz-wird-glyndebourne-chef\/","title":{"rendered":"Sebastian F Schwarz wird Glyndebourne-Chef"},"content":{"rendered":"<p><span style=\"font-family: arial,helvetica,sans-serif; font-size: small;\">18.11.2015 &#8212; Der deutsche Theatermanager Sebastian F Schwarz, der zur Zeit in \u00d6sterreich am Theater an der Wien t\u00e4tig ist, wird Generaldirektor des britischen Opernfestivals Glyndebourne. Er folgt auf \u00a0David Pickard, der zu den BBC Proms wechselt.<\/span><\/p>\n<p><span style=\"font-family: arial,helvetica,sans-serif; font-size: small;\"><strong>18.11.2015 &#8212; Der deutsche Theatermanager Sebastian F Schwarz, der zur Zeit in \u00d6sterreich am Theater an der Wien t\u00e4tig ist, wird Generaldirektor des britischen Opernfestivals Glyndebourne. Er folgt auf \u00a0David Pickard, der zu den BBC Proms wechselt.<\/strong><\/span><\/p>\n<p><span style=\"font-family: arial,helvetica,sans-serif; font-size: small;\">\u00a0<\/span><\/p>\n<p><span style=\"font-family: arial,helvetica,sans-serif; font-size: small;\">Sebastian F Schwarz studierte Musikwissenschaften an der Freien Universit\u00e4t Berlin sowie Operngesang. Ab 1998 setzte er das Gesangsstudium am Conservatorio Benedetto Marcello in Venedig fort. 2002 schloss er das Studium des Theatermanagement an der Universit\u00e0 C\u00e0 Foscari in Venedig ab. 2007 wurde er Assistent des Operndirektors der Hamburgischen Staatsoper und seit Januar 2008 ist er K\u00fcnstlerischer Betriebsdirektor des Theater an der Wien. Seit 2012 ist er \u00fcberdies Gesch\u00e4ftsf\u00fchrer und K\u00fcnstlerischer Leiter der Wiener Kammeroper. <em>(cf)<\/em><\/span><\/p>\n","protected":false},"excerpt":{"rendered":"<p><span style=\"font-family: arial,helvetica,sans-serif; font-size: small;\">18.11.2015 &#8212; Der deutsche Theatermanager Sebastian F Schwarz, der zur Zeit in \u00d6sterreich am Theater an der Wien t\u00e4tig ist, wird Generaldirektor des britischen Opernfestivals Glyndebourne. Er folgt auf \u00a0David Pickard, der zu den BBC Proms wechselt.<\/span><\/p>\n","protected":false},"author":1,"featured_media":0,"comment_status":"open","ping_status":"open","sticky":false,"template":"","format":"standard","meta":{"footnotes":""},"categories":[2],"tags":[],"class_list":["post-2653","post","type-post","status-publish","format-standard","hentry","category-nachrichten","entry"],"_links":{"self":[{"href":"https:\/\/codexflores.ch\/index.php\/wp-json\/wp\/v2\/posts\/2653","targetHints":{"allow":["GET"]}}],"collection":[{"href":"https:\/\/codexflores.ch\/index.php\/wp-json\/wp\/v2\/posts"}],"about":[{"href":"https:\/\/codexflores.ch\/index.php\/wp-json\/wp\/v2\/types\/post"}],"author":[{"embeddable":true,"href":"https:\/\/codexflores.ch\/index.php\/wp-json\/wp\/v2\/users\/1"}],"replies":[{"embeddable":true,"href":"https:\/\/codexflores.ch\/index.php\/wp-json\/wp\/v2\/comments?post=2653"}],"version-history":[{"count":0,"href":"https:\/\/codexflores.ch\/index.php\/wp-json\/wp\/v2\/posts\/2653\/revisions"}],"wp:attachment":[{"href":"https:\/\/codexflores.ch\/index.php\/wp-json\/wp\/v2\/media?parent=2653"}],"wp:term":[{"taxonomy":"category","embeddable":true,"href":"https:\/\/codexflores.ch\/index.php\/wp-json\/wp\/v2\/categories?post=2653"},{"taxonomy":"post_tag","embeddable":true,"href":"https:\/\/codexflores.ch\/index.php\/wp-json\/wp\/v2\/tags?post=2653"}],"curies":[{"name":"wp","href":"https:\/\/api.w.org\/{rel}","templated":true}]}}