{"id":2663,"date":"2015-11-26T07:03:50","date_gmt":"2015-11-26T07:03:50","guid":{"rendered":"https:\/\/codexflores.ch\/index.php\/2015\/11\/26\/keine-streiks-zur-saisoneroeffnung-an-der-scala\/"},"modified":"2015-11-26T07:03:50","modified_gmt":"2015-11-26T07:03:50","slug":"keine-streiks-zur-saisoneroeffnung-an-der-scala","status":"publish","type":"post","link":"https:\/\/codexflores.ch\/index.php\/2015\/11\/26\/keine-streiks-zur-saisoneroeffnung-an-der-scala\/","title":{"rendered":"Keine Streiks zur Saisoner\u00f6ffnung an der Scala"},"content":{"rendered":"<p><span style=\"font-family: arial,helvetica,sans-serif; font-size: small;\">26.11.2015 &#8212; An der Mail\u00e4nder Scala d\u00fcrfte dieses Jahr zur Saisoner\u00f6ffnung Arbeitsfriede herrschen: Intendant Alexander Pereira und die Gewerkschaften haben sich geeinigt und damit Streiks und abgesagte Premieren f\u00fcr einmal verhindert.<\/span><\/p>\n<p><span style=\"font-family: arial,helvetica,sans-serif; font-size: small;\"><strong> 26.11.2015 &#8212; An der Mail\u00e4nder Scala d\u00fcrfte dieses Jahr zur Saisoner\u00f6ffnung Arbeitsfriede herrschen: Intendant Alexander Pereira und die Gewerkschaften haben sich geeinigt und damit Streiks und abgesagte Premieren f\u00fcr einmal verhindert.<\/strong><\/span><\/p>\n<p>\u00a0<\/p>\n<p><span style=\"font-family: arial,helvetica,sans-serif; font-size: small;\">Laut internationalen Presseberichten haben sich Pereira und die Gewerkschaften\u00a0auf ein Abkommen zur Anstellung von Personal mit befristeten Arbeitsvertr\u00e4gen ab 2016 geeinigt. Der Gewerkschaftsverband CGIL beklagte, dass die Belastung f\u00fcr das Personal wegen Sparprogrammen immer gr\u00f6sser werde.<\/span><\/p>\n<p>\u00a0<\/p>\n<p><span style=\"font-family: arial,helvetica,sans-serif; font-size: small;\">Neueinstellungen soll es nun geben, um die Mitarbeitenden von B\u00fchne und Verwaltung zu entlasten. Dank der Einigung d\u00fcrfte die Premiere zur Saisoner\u00f6ffnung vom 7. Dezember, gespielt wird Verdis \u00abGiovanna d\u2018Arco\u00bb, ungef\u00e4hrdet \u00fcber die B\u00fchne gehen. Am 12. November war eine Auff\u00fchrung von \u00abL&#8217;histoire de Manon\u00bb mit dem T\u00e4nzer Roberto Bolle streikbedingt noch abgesagt worden.<em> (cf)<\/em> \u00a0 <\/span><\/p>\n<p>\u00a0<\/p>\n","protected":false},"excerpt":{"rendered":"<p><span style=\"font-family: arial,helvetica,sans-serif; font-size: small;\">26.11.2015 &#8212; An der Mail\u00e4nder Scala d\u00fcrfte dieses Jahr zur Saisoner\u00f6ffnung Arbeitsfriede herrschen: Intendant Alexander Pereira und die Gewerkschaften haben sich geeinigt und damit Streiks und abgesagte Premieren f\u00fcr einmal verhindert.<\/span><\/p>\n","protected":false},"author":1,"featured_media":0,"comment_status":"open","ping_status":"open","sticky":false,"template":"","format":"standard","meta":{"footnotes":""},"categories":[2],"tags":[],"class_list":["post-2663","post","type-post","status-publish","format-standard","hentry","category-nachrichten","entry"],"_links":{"self":[{"href":"https:\/\/codexflores.ch\/index.php\/wp-json\/wp\/v2\/posts\/2663","targetHints":{"allow":["GET"]}}],"collection":[{"href":"https:\/\/codexflores.ch\/index.php\/wp-json\/wp\/v2\/posts"}],"about":[{"href":"https:\/\/codexflores.ch\/index.php\/wp-json\/wp\/v2\/types\/post"}],"author":[{"embeddable":true,"href":"https:\/\/codexflores.ch\/index.php\/wp-json\/wp\/v2\/users\/1"}],"replies":[{"embeddable":true,"href":"https:\/\/codexflores.ch\/index.php\/wp-json\/wp\/v2\/comments?post=2663"}],"version-history":[{"count":0,"href":"https:\/\/codexflores.ch\/index.php\/wp-json\/wp\/v2\/posts\/2663\/revisions"}],"wp:attachment":[{"href":"https:\/\/codexflores.ch\/index.php\/wp-json\/wp\/v2\/media?parent=2663"}],"wp:term":[{"taxonomy":"category","embeddable":true,"href":"https:\/\/codexflores.ch\/index.php\/wp-json\/wp\/v2\/categories?post=2663"},{"taxonomy":"post_tag","embeddable":true,"href":"https:\/\/codexflores.ch\/index.php\/wp-json\/wp\/v2\/tags?post=2663"}],"curies":[{"name":"wp","href":"https:\/\/api.w.org\/{rel}","templated":true}]}}