{"id":2666,"date":"2015-11-27T07:20:21","date_gmt":"2015-11-27T07:20:21","guid":{"rendered":"https:\/\/codexflores.ch\/index.php\/2015\/11\/27\/ein-neues-norwegisches-kammermusik-festival\/"},"modified":"2015-11-27T07:20:21","modified_gmt":"2015-11-27T07:20:21","slug":"ein-neues-norwegisches-kammermusik-festival","status":"publish","type":"post","link":"https:\/\/codexflores.ch\/index.php\/2015\/11\/27\/ein-neues-norwegisches-kammermusik-festival\/","title":{"rendered":"Ein neues norwegisches Kammermusik-Festival"},"content":{"rendered":"<p><span style=\"font-family: arial,helvetica,sans-serif; font-size: small;\">27.11.2015 &#8212; Der norwegische Pianist Leif Ove Andsnes gr\u00fcndet in seinem Heimatland ein eigenes Kammermusik-Festival: Das \u00abRosendal Chamber Music Festival\u00bb soll in der N\u00e4he der Stadt Bergen j\u00e4hrlich stattfinden.<\/span><\/p>\n<p><span style=\"font-family: arial,helvetica,sans-serif; font-size: small;\"><strong>27.11.2015 &#8212; Der norwegische Pianist Leif Ove Andsnes gr\u00fcndet in seinem Heimatland ein eigenes Kammermusik-Festival: Das \u00abRosendal Chamber Music Festival\u00bb soll in der N\u00e4he der Stadt Bergen j\u00e4hrlich stattfinden.<\/strong><\/span><\/p>\n<p><span style=\"font-family: arial,helvetica,sans-serif; font-size: small;\">\u00a0<\/span><\/p>\n<p><span style=\"font-family: arial,helvetica,sans-serif; font-size: small;\">Zu den ersten G\u00e4sten z\u00e4hlen bei der Erstauflage vom 11. bis 14. August 2016 die Cellistin Sol Gabetta, der S\u00e4nger Matthias Goerne und das Brentano String Quartet. Zudem finden Kirchenkonzerte und Tagungen statt. <\/span><\/p>\n<p>\u00a0<\/p>\n<p><span style=\"font-family: arial,helvetica,sans-serif; font-size: small;\">Der Spielort, das Baroniet Rosendal Manor House, ist ein geschichtstr\u00e4chtiges Anwesen aus dem Jahr 1661. Mit dem Festival wird an dem Ort auch eine 400-Pl\u00e4tze-Konzerthalle eingeweiht. <em>(cf)<\/em><\/span><\/p>\n","protected":false},"excerpt":{"rendered":"<p><span style=\"font-family: arial,helvetica,sans-serif; font-size: small;\">27.11.2015 &#8212; Der norwegische Pianist Leif Ove Andsnes gr\u00fcndet in seinem Heimatland ein eigenes Kammermusik-Festival: Das \u00abRosendal Chamber Music Festival\u00bb soll in der N\u00e4he der Stadt Bergen j\u00e4hrlich stattfinden.<\/span><\/p>\n","protected":false},"author":1,"featured_media":0,"comment_status":"open","ping_status":"open","sticky":false,"template":"","format":"standard","meta":{"footnotes":""},"categories":[2],"tags":[],"class_list":["post-2666","post","type-post","status-publish","format-standard","hentry","category-nachrichten","entry"],"_links":{"self":[{"href":"https:\/\/codexflores.ch\/index.php\/wp-json\/wp\/v2\/posts\/2666","targetHints":{"allow":["GET"]}}],"collection":[{"href":"https:\/\/codexflores.ch\/index.php\/wp-json\/wp\/v2\/posts"}],"about":[{"href":"https:\/\/codexflores.ch\/index.php\/wp-json\/wp\/v2\/types\/post"}],"author":[{"embeddable":true,"href":"https:\/\/codexflores.ch\/index.php\/wp-json\/wp\/v2\/users\/1"}],"replies":[{"embeddable":true,"href":"https:\/\/codexflores.ch\/index.php\/wp-json\/wp\/v2\/comments?post=2666"}],"version-history":[{"count":0,"href":"https:\/\/codexflores.ch\/index.php\/wp-json\/wp\/v2\/posts\/2666\/revisions"}],"wp:attachment":[{"href":"https:\/\/codexflores.ch\/index.php\/wp-json\/wp\/v2\/media?parent=2666"}],"wp:term":[{"taxonomy":"category","embeddable":true,"href":"https:\/\/codexflores.ch\/index.php\/wp-json\/wp\/v2\/categories?post=2666"},{"taxonomy":"post_tag","embeddable":true,"href":"https:\/\/codexflores.ch\/index.php\/wp-json\/wp\/v2\/tags?post=2666"}],"curies":[{"name":"wp","href":"https:\/\/api.w.org\/{rel}","templated":true}]}}