{"id":2669,"date":"2015-11-30T06:54:50","date_gmt":"2015-11-30T06:54:50","guid":{"rendered":"https:\/\/codexflores.ch\/index.php\/2015\/11\/30\/umfrage-des-max-planck-instituts-fuer-empirische-aesthetik\/"},"modified":"2015-11-30T06:54:50","modified_gmt":"2015-11-30T06:54:50","slug":"umfrage-des-max-planck-instituts-fuer-empirische-aesthetik","status":"publish","type":"post","link":"https:\/\/codexflores.ch\/index.php\/2015\/11\/30\/umfrage-des-max-planck-instituts-fuer-empirische-aesthetik\/","title":{"rendered":"Umfrage des Max-Planck-Instituts f\u00fcr empirische \u00c4sthetik"},"content":{"rendered":"<p><span style=\"font-family: arial,helvetica,sans-serif; font-size: small;\">30.11.2015 &#8212; Warum gefallen uns Interpretationen von ganz bestimmten Dirigenten und Orchestern besser als andere? Dem geht das Max-Planck-Institut f\u00fcr empirische \u00c4sthetik in Frankfurt mit einer Online-Umfrage nach. Es sucht dazu Teilnehmer.<\/span><\/p>\n<p><span style=\"font-family: arial,helvetica,sans-serif; font-size: small;\"><strong>30.11.2015 &#8212; Warum gefallen uns Interpretationen von ganz bestimmten Dirigenten und Orchestern besser als andere? Dem geht das Max-Planck-Institut f\u00fcr empirische \u00c4sthetik in Frankfurt mit einer Online-Umfrage nach. Es sucht dazu Teilnehmer.<\/strong><\/span><\/p>\n<p><span style=\"font-family: arial,helvetica,sans-serif; font-size: small;\">\u00a0<\/span><\/p>\n<p><span style=\"font-family: arial,helvetica,sans-serif; font-size: small;\">Im Rahmen der Online-Studie \u00abKlassik im Interpretationsvergleich\u00bb h\u00f6ren sich die Teilnehmenden ganz bestimmte Interpretationen an. Im Anschluss beantworten sie einige Fragen zu ihrer pers\u00f6nlichen H\u00f6reinsch\u00e4tzung. Die Teilnahme an der Studie ist freiwillig, erfolgt anonym und dauert rund 15 Minuten.<\/span><\/p>\n<p><span style=\"font-family: arial,helvetica,sans-serif; font-size: small;\">\u00a0<\/span><\/p>\n<p><span style=\"font-family: arial,helvetica,sans-serif; font-size: small;\">Begr\u00fcndet von Gustav Theodor Fechner (1801-1887) hat die empirische \u00c4sthetik bis heute eine marginale Stellung inne. Das\u00a0 Max-Planck-Institut setzt sich zum Ziel, \u00abden vereinzelten, immer wieder abgerissenen Anf\u00e4ngen interdisziplin\u00e4rer Erforschung des \u00e4sthetischen Ph\u00e4nomens eine neue wissenschaftliche und institutionelle Basis zu geben\u00bb.\u00a0<\/span><\/p>\n<p><span style=\"font-family: arial,helvetica,sans-serif; font-size: small;\">\u00a0<\/span><\/p>\n<p><span style=\"font-family: arial,helvetica,sans-serif; font-size: small;\"><strong>Link zur Studie<\/strong>: <a href=\"http:\/\/ww2.unipark.de\/uc\/interpretationsvergleich\/\" target=\"_blank\" rel=\"noopener noreferrer\">ww2.unipark.de\/uc\/interpretationsvergleich\/\u00a0<\/a><\/span><\/p>\n","protected":false},"excerpt":{"rendered":"<p><span style=\"font-family: arial,helvetica,sans-serif; font-size: small;\">30.11.2015 &#8212; Warum gefallen uns Interpretationen von ganz bestimmten Dirigenten und Orchestern besser als andere? Dem geht das Max-Planck-Institut f\u00fcr empirische \u00c4sthetik in Frankfurt mit einer Online-Umfrage nach. Es sucht dazu Teilnehmer.<\/span><\/p>\n","protected":false},"author":1,"featured_media":0,"comment_status":"open","ping_status":"open","sticky":false,"template":"","format":"standard","meta":{"footnotes":""},"categories":[2],"tags":[],"class_list":["post-2669","post","type-post","status-publish","format-standard","hentry","category-nachrichten","entry"],"_links":{"self":[{"href":"https:\/\/codexflores.ch\/index.php\/wp-json\/wp\/v2\/posts\/2669","targetHints":{"allow":["GET"]}}],"collection":[{"href":"https:\/\/codexflores.ch\/index.php\/wp-json\/wp\/v2\/posts"}],"about":[{"href":"https:\/\/codexflores.ch\/index.php\/wp-json\/wp\/v2\/types\/post"}],"author":[{"embeddable":true,"href":"https:\/\/codexflores.ch\/index.php\/wp-json\/wp\/v2\/users\/1"}],"replies":[{"embeddable":true,"href":"https:\/\/codexflores.ch\/index.php\/wp-json\/wp\/v2\/comments?post=2669"}],"version-history":[{"count":0,"href":"https:\/\/codexflores.ch\/index.php\/wp-json\/wp\/v2\/posts\/2669\/revisions"}],"wp:attachment":[{"href":"https:\/\/codexflores.ch\/index.php\/wp-json\/wp\/v2\/media?parent=2669"}],"wp:term":[{"taxonomy":"category","embeddable":true,"href":"https:\/\/codexflores.ch\/index.php\/wp-json\/wp\/v2\/categories?post=2669"},{"taxonomy":"post_tag","embeddable":true,"href":"https:\/\/codexflores.ch\/index.php\/wp-json\/wp\/v2\/tags?post=2669"}],"curies":[{"name":"wp","href":"https:\/\/api.w.org\/{rel}","templated":true}]}}