{"id":2672,"date":"2015-12-01T06:53:29","date_gmt":"2015-12-01T06:53:29","guid":{"rendered":"https:\/\/codexflores.ch\/index.php\/2015\/12\/01\/9-europaeischer-opernregie-preis-ausgeschrieben\/"},"modified":"2015-12-01T06:53:29","modified_gmt":"2015-12-01T06:53:29","slug":"9-europaeischer-opernregie-preis-ausgeschrieben","status":"publish","type":"post","link":"https:\/\/codexflores.ch\/index.php\/2015\/12\/01\/9-europaeischer-opernregie-preis-ausgeschrieben\/","title":{"rendered":"9. Europ\u00e4ischer Opernregie-Preis ausgeschrieben"},"content":{"rendered":"<p><span style=\"font-family: arial,helvetica,sans-serif; font-size: small;\">01.12.2015 &#8212; Im Rahmen des 9. EOP \u2013 Europ\u00e4ischer Opernregie-Preis werden innovative Regiekonzepte f\u00fcr Verdis \u00abLa Traviata\u00bb gesucht. Das Gewinnerkonzept wird 2017 beim Festival Verdi, einem der gr\u00f6ssten Opernfestivals in Italien, im Teatro Verdi in Busseto Premiere haben.<\/span><\/p>\n<p><span style=\"font-family: arial,helvetica,sans-serif; font-size: small;\"><strong>01.12.2015 &#8212; Im Rahmen des 9. EOP \u2013 Europ\u00e4ischer Opernregie-Preis werden innovative Regiekonzepte f\u00fcr Verdis \u00abLa Traviata\u00bb gesucht. Das Gewinnerkonzept wird 2017 beim Festival Verdi, einem der gr\u00f6ssten Opernfestivals in Italien, im Teatro Verdi in Busseto Premiere haben.<\/strong><\/span><\/p>\n<p><span style=\"font-family: arial,helvetica,sans-serif; font-size: small;\">\u00a0<\/span><\/p>\n<p><span style=\"font-family: arial,helvetica,sans-serif; font-size: small;\">Gefordert ist ein Regie- und Ausstattungskonzept. Es soll das konkrete Geschehen auf der B\u00fchne deutlich machen und in Einzelschritten beschreiben. Dabei m\u00fcssen die technischen Voraussetzungen des Teatro Verdi in Busseto ber\u00fccksichtigt werden. B\u00fchnenpl\u00e4ne und technische Daten werden nach der Anmeldung zum Wettbewerb von der Camerata Nuova zur Verf\u00fcgung gestellt. Anmeldeschluss ist der 7. M\u00e4rz 2016. <\/span><\/p>\n<p>\u00a0<\/p>\n<p><span style=\"font-family: arial,helvetica,sans-serif; font-size: small;\">Die Titelpartien der Auff\u00fchrung werden die Sieger des Gesangswettbewerbs Concorso Voce Verdiane \u00fcbernehmen.\u00a0Das preisgekr\u00f6nte Konzept soll nach der Premiere in Busseto beim Festival Verdi 2017 auch am Landestheater Coburg zur Auff\u00fchrung kommen, das Kooperationspartner des 9. EOP ist.<\/span><\/p>\n<p>\u00a0<\/p>\n<p><span style=\"font-family: arial,helvetica,sans-serif; font-size: small;\">In die Jury eingeladen sind Barbara Minghetti (AsLiCo, Italien), Graham Vick (Birmingham Opera Company), Christina Scheppelmann (Liceu Barcelona), Peter Spuhler (Badisches Staatstheater Karlsruhe) und Bodo Busse (Landestheater Coburg).\u00a0 <\/span><\/p>\n<p>\u00a0<\/p>\n<p><span style=\"font-family: arial,helvetica,sans-serif; font-size: small;\">Opera Europa, ein Zusammenschluss von \u00fcber 160 Opernh\u00e4usern weltweit, und die Camerata Nuova e. V., eine Vereinigung von Opernfreunden, schreiben den EOP \u2013 Europ\u00e4ischen Opernregie-Preis alle zwei Jahre gemeinsam aus. Er ist mit insgesamt 35&#8217;000 Euro dotiert. <em>(cf)<\/em><\/span><\/p>\n<p>\u00a0<\/p>\n<p><span style=\"font-family: arial,helvetica,sans-serif; font-size: small;\"><strong>Mehr Infos:<\/strong> <a href=\"http:\/\/www.camerata-nuova.com%20\" target=\"_blank\" rel=\"noopener noreferrer\">www.camerata-nuova.com <\/a>\u00a0<\/span><\/p>\n<p><span style=\"font-family: arial,helvetica,sans-serif; font-size: small;\">\u00a0<\/span><\/p>\n","protected":false},"excerpt":{"rendered":"<p><span style=\"font-family: arial,helvetica,sans-serif; font-size: small;\">01.12.2015 &#8212; Im Rahmen des 9. EOP \u2013 Europ\u00e4ischer Opernregie-Preis werden innovative Regiekonzepte f\u00fcr Verdis \u00abLa Traviata\u00bb gesucht. Das Gewinnerkonzept wird 2017 beim Festival Verdi, einem der gr\u00f6ssten Opernfestivals in Italien, im Teatro Verdi in Busseto Premiere haben.<\/span><\/p>\n","protected":false},"author":1,"featured_media":0,"comment_status":"open","ping_status":"open","sticky":false,"template":"","format":"standard","meta":{"footnotes":""},"categories":[2],"tags":[],"class_list":["post-2672","post","type-post","status-publish","format-standard","hentry","category-nachrichten","entry"],"_links":{"self":[{"href":"https:\/\/codexflores.ch\/index.php\/wp-json\/wp\/v2\/posts\/2672","targetHints":{"allow":["GET"]}}],"collection":[{"href":"https:\/\/codexflores.ch\/index.php\/wp-json\/wp\/v2\/posts"}],"about":[{"href":"https:\/\/codexflores.ch\/index.php\/wp-json\/wp\/v2\/types\/post"}],"author":[{"embeddable":true,"href":"https:\/\/codexflores.ch\/index.php\/wp-json\/wp\/v2\/users\/1"}],"replies":[{"embeddable":true,"href":"https:\/\/codexflores.ch\/index.php\/wp-json\/wp\/v2\/comments?post=2672"}],"version-history":[{"count":0,"href":"https:\/\/codexflores.ch\/index.php\/wp-json\/wp\/v2\/posts\/2672\/revisions"}],"wp:attachment":[{"href":"https:\/\/codexflores.ch\/index.php\/wp-json\/wp\/v2\/media?parent=2672"}],"wp:term":[{"taxonomy":"category","embeddable":true,"href":"https:\/\/codexflores.ch\/index.php\/wp-json\/wp\/v2\/categories?post=2672"},{"taxonomy":"post_tag","embeddable":true,"href":"https:\/\/codexflores.ch\/index.php\/wp-json\/wp\/v2\/tags?post=2672"}],"curies":[{"name":"wp","href":"https:\/\/api.w.org\/{rel}","templated":true}]}}