{"id":2673,"date":"2015-12-01T07:00:43","date_gmt":"2015-12-01T07:00:43","guid":{"rendered":"https:\/\/codexflores.ch\/index.php\/2015\/12\/01\/goebbels-erhaelt-oscar-der-italienischen-theaterszene\/"},"modified":"2015-12-01T07:00:43","modified_gmt":"2015-12-01T07:00:43","slug":"goebbels-erhaelt-oscar-der-italienischen-theaterszene","status":"publish","type":"post","link":"https:\/\/codexflores.ch\/index.php\/2015\/12\/01\/goebbels-erhaelt-oscar-der-italienischen-theaterszene\/","title":{"rendered":"Goebbels erh\u00e4lt Oscar der italienischen Theaterszene"},"content":{"rendered":"<p><span style=\"font-family: arial,helvetica,sans-serif; font-size: small;\">01.12.2015 &#8212; Der am Institut f\u00fcr Angewandte Theaterwissenschaft der Uni Giessen t\u00e4tige Komponist und Theatermacher Heiner Goebbels ist in Italien mit dem Franco Quadri Preis der Associazione Ubu per Franco Quadri ausgezeichnet worden.<\/span><\/p>\n<p><span style=\"font-family: arial,helvetica,sans-serif; font-size: small;\"><strong>01.12.2015 &#8212; Der am Institut f\u00fcr Angewandte Theaterwissenschaft der Uni Giessen t\u00e4tige Komponist und Theatermacher Heiner Goebbels ist in Italien mit dem Franco Quadri Preis der Associazione Ubu per Franco Quadri ausgezeichnet worden.<\/strong><\/span><\/p>\n<p>\u00a0<\/p>\n<p><span style=\"font-family: arial,helvetica,sans-serif; font-size: small;\">Heiner Goebbels wird gew\u00fcrdigt als ein \u00abdeutscher Komponist, Direktor und Denker, der sich nicht durch vordefinierte Kategorien einengen l\u00e4sst\u00bb, heisst es in einer Pressemitteilung der Ubu \/ Franco-Quadri-Gesellschaft. Seine k\u00fcnstlerische und kuratorische Sprache sei von einer starken politischen Spannung gepr\u00e4gt. Seine Arbeit an der Dekonstruktion theatralischer, musikalischer und visueller Konventionen gipfele in den Werken \u00abSurrogate Cities\u00bb, \u00abStifters Dinge\u00bb sowie in den j\u00fcngsten Produktionen \u00abDelusion of the Fury\u00bb und \u00abDe Materie\u00bb.<\/span><\/p>\n<p>\u00a0<\/p>\n<p><span style=\"font-family: arial,helvetica,sans-serif; font-size: small;\">Die Ubu-Franco-Quadri-Gesellschaft (Associazione Ubu per Franco Quadri) wurde im M\u00e4rz 2012 gegr\u00fcndet mit dem Ziel, das Werk des herausragenden Theaterkritikers, Verlegers und Redakteurs Franco Quadri zu w\u00fcrdigen und dessen Archive f\u00fcr die zeitgen\u00f6ssische Theaterszene weithin nutzbar zu machen. Der Ubu-Preises gilt als \u00abOscar der italienischen Theaterszene\u00bb. <em>(cf)<\/em><\/span><\/p>\n<p>\u00a0<\/p>\n","protected":false},"excerpt":{"rendered":"<p><span style=\"font-family: arial,helvetica,sans-serif; font-size: small;\">01.12.2015 &#8212; Der am Institut f\u00fcr Angewandte Theaterwissenschaft der Uni Giessen t\u00e4tige Komponist und Theatermacher Heiner Goebbels ist in Italien mit dem Franco Quadri Preis der Associazione Ubu per Franco Quadri ausgezeichnet worden.<\/span><\/p>\n","protected":false},"author":1,"featured_media":0,"comment_status":"open","ping_status":"open","sticky":false,"template":"","format":"standard","meta":{"footnotes":""},"categories":[2],"tags":[],"class_list":["post-2673","post","type-post","status-publish","format-standard","hentry","category-nachrichten","entry"],"_links":{"self":[{"href":"https:\/\/codexflores.ch\/index.php\/wp-json\/wp\/v2\/posts\/2673","targetHints":{"allow":["GET"]}}],"collection":[{"href":"https:\/\/codexflores.ch\/index.php\/wp-json\/wp\/v2\/posts"}],"about":[{"href":"https:\/\/codexflores.ch\/index.php\/wp-json\/wp\/v2\/types\/post"}],"author":[{"embeddable":true,"href":"https:\/\/codexflores.ch\/index.php\/wp-json\/wp\/v2\/users\/1"}],"replies":[{"embeddable":true,"href":"https:\/\/codexflores.ch\/index.php\/wp-json\/wp\/v2\/comments?post=2673"}],"version-history":[{"count":0,"href":"https:\/\/codexflores.ch\/index.php\/wp-json\/wp\/v2\/posts\/2673\/revisions"}],"wp:attachment":[{"href":"https:\/\/codexflores.ch\/index.php\/wp-json\/wp\/v2\/media?parent=2673"}],"wp:term":[{"taxonomy":"category","embeddable":true,"href":"https:\/\/codexflores.ch\/index.php\/wp-json\/wp\/v2\/categories?post=2673"},{"taxonomy":"post_tag","embeddable":true,"href":"https:\/\/codexflores.ch\/index.php\/wp-json\/wp\/v2\/tags?post=2673"}],"curies":[{"name":"wp","href":"https:\/\/api.w.org\/{rel}","templated":true}]}}