{"id":2674,"date":"2015-12-02T07:10:59","date_gmt":"2015-12-02T07:10:59","guid":{"rendered":"https:\/\/codexflores.ch\/index.php\/2015\/12\/02\/kuhn-bleibt-bis-2019-chef-der-bergischen-symphoniker\/"},"modified":"2015-12-02T07:10:59","modified_gmt":"2015-12-02T07:10:59","slug":"kuhn-bleibt-bis-2019-chef-der-bergischen-symphoniker","status":"publish","type":"post","link":"https:\/\/codexflores.ch\/index.php\/2015\/12\/02\/kuhn-bleibt-bis-2019-chef-der-bergischen-symphoniker\/","title":{"rendered":"Kuhn bleibt bis 2019 Chef der Bergischen Symphoniker"},"content":{"rendered":"<p><span style=\"font-family: arial,helvetica,sans-serif; font-size: small;\">02.12.2015 &#8212; Der Aufsichtsrat der Bergischen Symphoniker hat eine Vertragsverl\u00e4ngerung f\u00fcr Generalmusikdirektor Peter Kuhn beschlossen. Im Anschluss an ein \u00abausf\u00fchrliches und konstruktives Gespr\u00e4ch mit dem k\u00fcnstlerischen Leiter\u00bb votierte er f\u00fcr eine letztmalige Verpflichtung bis zum Ende der Spielzeit 2018\/2019.<\/span><\/p>\n<p><span style=\"font-family: arial,helvetica,sans-serif; font-size: small;\"><strong>02.12.2015 &#8212; Der Aufsichtsrat der Bergischen Symphoniker hat eine Vertragsverl\u00e4ngerung f\u00fcr Generalmusikdirektor Peter Kuhn beschlossen. Im Anschluss an ein \u00abausf\u00fchrliches und konstruktives Gespr\u00e4ch mit dem k\u00fcnstlerischen Leiter\u00bb votierte er f\u00fcr eine letztmalige Verpflichtung bis zum Ende der Spielzeit 2018\/2019.<\/strong><\/span><\/p>\n<p>\u00a0<\/p>\n<p><span style=\"font-family: arial,helvetica,sans-serif; font-size: small;\"><span style=\"font-family: arial,helvetica,sans-serif; font-size: small;\">Die Bergischen Symphoniker sind 1995 als Fusion der Remscheider Symphoniker (gegr\u00fcndet 1925) und des St\u00e4dtischen Orchesters Solingen (gegr\u00fcndet 1939) entstanden. Laut RP online war zun\u00e4chst unklar, ob der Vertrag mit Kuhn verl\u00e4ngert wird. Offenbar kritisierten einige Aufsichtsr\u00e4te Kuhn in ihren Augen mangelnde Jugendarbeit. Kuhn wies die Vorw\u00fcrfe zur\u00fcck <br \/><\/span><\/span><\/p>\n<p><span style=\"font-family: arial,helvetica,sans-serif; font-size: small;\">\u00a0<\/span><\/p>\n<p><span style=\"font-family: arial,helvetica,sans-serif; font-size: small;\">Der 1964 in Karlsruhe geborene Peter Kuhn studierte an der Hochschule f\u00fcr Musik und Theater Hannover Dirigieren. Von 1993 bis 2005 war er Leiter des Jungen Philharmonischen Orchesters Niedersachsen (JPON). 1995 ging er f\u00fcr drei Jahre als 1. Kapellmeister an das Theater Luzern, bevor er 1998 als Generalmusikdirektor nach Bielefeld gew\u00e4hlt wurde. Generalmusikdirektor der Bergischen Symphoniker ist er seit\u00a0der Saison 2009\/10. <em>(cf)<\/em><\/span><\/p>\n<p>\u00a0<\/p>\n","protected":false},"excerpt":{"rendered":"<p><span style=\"font-family: arial,helvetica,sans-serif; font-size: small;\">02.12.2015 &#8212; Der Aufsichtsrat der Bergischen Symphoniker hat eine Vertragsverl\u00e4ngerung f\u00fcr Generalmusikdirektor Peter Kuhn beschlossen. Im Anschluss an ein \u00abausf\u00fchrliches und konstruktives Gespr\u00e4ch mit dem k\u00fcnstlerischen Leiter\u00bb votierte er f\u00fcr eine letztmalige Verpflichtung bis zum Ende der Spielzeit 2018\/2019.<\/span><\/p>\n","protected":false},"author":1,"featured_media":0,"comment_status":"open","ping_status":"open","sticky":false,"template":"","format":"standard","meta":{"footnotes":""},"categories":[2],"tags":[],"class_list":["post-2674","post","type-post","status-publish","format-standard","hentry","category-nachrichten","entry"],"_links":{"self":[{"href":"https:\/\/codexflores.ch\/index.php\/wp-json\/wp\/v2\/posts\/2674","targetHints":{"allow":["GET"]}}],"collection":[{"href":"https:\/\/codexflores.ch\/index.php\/wp-json\/wp\/v2\/posts"}],"about":[{"href":"https:\/\/codexflores.ch\/index.php\/wp-json\/wp\/v2\/types\/post"}],"author":[{"embeddable":true,"href":"https:\/\/codexflores.ch\/index.php\/wp-json\/wp\/v2\/users\/1"}],"replies":[{"embeddable":true,"href":"https:\/\/codexflores.ch\/index.php\/wp-json\/wp\/v2\/comments?post=2674"}],"version-history":[{"count":0,"href":"https:\/\/codexflores.ch\/index.php\/wp-json\/wp\/v2\/posts\/2674\/revisions"}],"wp:attachment":[{"href":"https:\/\/codexflores.ch\/index.php\/wp-json\/wp\/v2\/media?parent=2674"}],"wp:term":[{"taxonomy":"category","embeddable":true,"href":"https:\/\/codexflores.ch\/index.php\/wp-json\/wp\/v2\/categories?post=2674"},{"taxonomy":"post_tag","embeddable":true,"href":"https:\/\/codexflores.ch\/index.php\/wp-json\/wp\/v2\/tags?post=2674"}],"curies":[{"name":"wp","href":"https:\/\/api.w.org\/{rel}","templated":true}]}}