{"id":2677,"date":"2015-12-03T07:07:05","date_gmt":"2015-12-03T07:07:05","guid":{"rendered":"https:\/\/codexflores.ch\/index.php\/2015\/12\/03\/forschungsinstitut-zu-kuenstlerischen-therapieformen\/"},"modified":"2015-12-03T07:07:05","modified_gmt":"2015-12-03T07:07:05","slug":"forschungsinstitut-zu-kuenstlerischen-therapieformen","status":"publish","type":"post","link":"https:\/\/codexflores.ch\/index.php\/2015\/12\/03\/forschungsinstitut-zu-kuenstlerischen-therapieformen\/","title":{"rendered":"Forschungsinstitut zu k\u00fcnstlerischen Therapieformen"},"content":{"rendered":"<p><span style=\"font-family: arial,helvetica,sans-serif; font-size: small;\">03.12.2015 &#8212; Die in der Praxis erprobte Wirksamkeit der k\u00fcnstlerischen Therapieformen wissenschaftlich nachzuweisen, hat sich ein neues Forschungsinstitut an der Alanus Hochschule f\u00fcr Kunst und Gesellschaft auf die Fahnen geschrieben.<\/span><\/p>\n<p><span style=\"font-family: arial,helvetica,sans-serif; font-size: small;\"><strong>03.12.2015 &#8212; Die in der Praxis erprobte Wirksamkeit der k\u00fcnstlerischen Therapieformen wissenschaftlich nachzuweisen, hat sich ein neues Forschungsinstitut an der Alanus Hochschule f\u00fcr Kunst und Gesellschaft auf die Fahnen geschrieben.<\/strong><\/span><\/p>\n<p><span style=\"font-family: arial,helvetica,sans-serif; font-size: small;\">\u00a0<\/span><\/p>\n<p><span style=\"font-family: arial,helvetica,sans-serif; font-size: small;\">K\u00fcnstlerische Therapien geh\u00f6rten heute zum Behandlungsspektrum zahlreicher Kliniken und Sozialeinrichtungen, schreibt die Alanus Hochschule f\u00fcr Kunst und Gesellschaft. Bei Krebspatienten oder in der Palliativmedizin, bei dementen oder traumatisierten Menschen, in der Kinder- und Jugendpsychiatrie oder in Seniorenheimen \u2013 \u00fcberall w\u00fcrden Kunst-, Musik-, Theater- und Tanztherapie erfolgreich angewendet.<\/span><\/p>\n<p>\u00a0<\/p>\n<p><span style=\"font-family: arial,helvetica,sans-serif; font-size: small;\">Das neugegr\u00fcndete Research Institute for Creative Arts Therapies (RIArT) wird in Kooperation mit der Universit\u00e4t Witten\/Herdecke eigene Forschungsprojekte durchf\u00fchren, Forschungsinitiativen unterst\u00fctzen und ein Doktorandenprogramm aufbauen. Gef\u00f6rdert wird das Institut von der Software AG-Stiftung Darmstadt mit einer Gesamtsumme von 650&#8217;000 Euro. Leiterin des Institutes ist Sabine Koch, Professorin f\u00fcr empirische Forschung in den K\u00fcnstlerischen Therapien. <em>(cf)<\/em><\/span><\/p>\n<p><span style=\"font-family: arial,helvetica,sans-serif; font-size: small;\"><em>\u00a0<\/em><\/span><\/p>\n<p><span style=\"font-family: arial,helvetica,sans-serif; font-size: small;\"><strong>Mehr Infos:<\/strong> <a href=\"http:\/\/www.alanus.edu\/studium\/fachbereiche-gebiete\/kuenstlerische-therapien\/institute.html\" target=\"_blank\" rel=\"noopener noreferrer\">www.alanus.edu<em><br \/><\/em><\/a><\/span><\/p>\n","protected":false},"excerpt":{"rendered":"<p><span style=\"font-family: arial,helvetica,sans-serif; font-size: small;\">03.12.2015 &#8212; Die in der Praxis erprobte Wirksamkeit der k\u00fcnstlerischen Therapieformen wissenschaftlich nachzuweisen, hat sich ein neues Forschungsinstitut an der Alanus Hochschule f\u00fcr Kunst und Gesellschaft auf die Fahnen geschrieben.<\/span><\/p>\n","protected":false},"author":1,"featured_media":0,"comment_status":"open","ping_status":"open","sticky":false,"template":"","format":"standard","meta":{"footnotes":""},"categories":[2],"tags":[],"class_list":["post-2677","post","type-post","status-publish","format-standard","hentry","category-nachrichten","entry"],"_links":{"self":[{"href":"https:\/\/codexflores.ch\/index.php\/wp-json\/wp\/v2\/posts\/2677","targetHints":{"allow":["GET"]}}],"collection":[{"href":"https:\/\/codexflores.ch\/index.php\/wp-json\/wp\/v2\/posts"}],"about":[{"href":"https:\/\/codexflores.ch\/index.php\/wp-json\/wp\/v2\/types\/post"}],"author":[{"embeddable":true,"href":"https:\/\/codexflores.ch\/index.php\/wp-json\/wp\/v2\/users\/1"}],"replies":[{"embeddable":true,"href":"https:\/\/codexflores.ch\/index.php\/wp-json\/wp\/v2\/comments?post=2677"}],"version-history":[{"count":0,"href":"https:\/\/codexflores.ch\/index.php\/wp-json\/wp\/v2\/posts\/2677\/revisions"}],"wp:attachment":[{"href":"https:\/\/codexflores.ch\/index.php\/wp-json\/wp\/v2\/media?parent=2677"}],"wp:term":[{"taxonomy":"category","embeddable":true,"href":"https:\/\/codexflores.ch\/index.php\/wp-json\/wp\/v2\/categories?post=2677"},{"taxonomy":"post_tag","embeddable":true,"href":"https:\/\/codexflores.ch\/index.php\/wp-json\/wp\/v2\/tags?post=2677"}],"curies":[{"name":"wp","href":"https:\/\/api.w.org\/{rel}","templated":true}]}}