{"id":2679,"date":"2015-12-04T06:44:07","date_gmt":"2015-12-04T06:44:07","guid":{"rendered":"https:\/\/codexflores.ch\/index.php\/2015\/12\/04\/guerzenich-orchester-streamt-seine-konzerte\/"},"modified":"2015-12-04T06:44:07","modified_gmt":"2015-12-04T06:44:07","slug":"guerzenich-orchester-streamt-seine-konzerte","status":"publish","type":"post","link":"https:\/\/codexflores.ch\/index.php\/2015\/12\/04\/guerzenich-orchester-streamt-seine-konzerte\/","title":{"rendered":"G\u00fcrzenich-Orchester streamt seine Konzerte"},"content":{"rendered":"<p><span style=\"font-family: arial,helvetica,sans-serif; font-size: small;\">04.12.2015 &#8212; Das G\u00fcrzenich-Orchester K\u00f6ln geht mit seinem Chefdirigenten Fran\u00e7ois-Xavier Roth neue Wege in der Medienproduktion: Ausgew\u00e4hlte Konzerte in der K\u00f6lner Philharmonie werden daf\u00fcr in Video und Audio mitgeschnitten und \u00fcber die Homepage angeboten.<\/span><\/p>\n<p><span style=\"font-family: arial,helvetica,sans-serif; font-size: small;\"><strong>04.12.2015 &#8212; Das G\u00fcrzenich-Orchester K\u00f6ln geht mit seinem Chefdirigenten Fran\u00e7ois-Xavier Roth neue Wege in der Medienproduktion: Ausgew\u00e4hlte Konzerte in der K\u00f6lner Philharmonie werden daf\u00fcr in Video und Audio mitgeschnitten und \u00fcber die Homepage angeboten.<\/strong><\/span><\/p>\n<p><span style=\"font-family: arial,helvetica,sans-serif; font-size: small;\">\u00a0<\/span><\/p>\n<p><span style=\"font-family: arial,helvetica,sans-serif; font-size: small;\">Das neue Angebot \u00abGo Plus\u00bb ist gratis und weltweit verf\u00fcgbar. F\u00fcr den Audiostream werden alle drei Auff\u00fchrungen einer Konzertserie aufgezeichnet und im Studio in CD-Qualit\u00e4t produziert. Einen \u00e4hnlich grossen Aufwand betreibt das Orchester f\u00fcr seine Konzertfilme: Mit bis zu neun Kameras wird in HD gedreht und im Studio nachbearbeitet. <\/span><\/p>\n<p>\u00a0<\/p>\n<p><span style=\"font-family: arial,helvetica,sans-serif; font-size: small;\">Zus\u00e4tzlich wird zu ausgew\u00e4hlten Werken eine Video-Dokumentation produziert, die mit Ausschnitten aus den Proben, Interviews und vielem mehr einen Einblick in den Probenprozess, aber auch zu den Hintergr\u00fcnden eines Werkes vermittelt. <em>(cf)<\/em><br \/><\/span><\/p>\n<p>\u00a0<\/p>\n<p><span style=\"font-family: arial,helvetica,sans-serif; font-size: small;\"><strong>Mehr Infos:<\/strong>\u00a0<a href=\"http:\/\/www.guerzenich-orchester.de\/go-plus\" target=\"_blank\" rel=\"noopener noreferrer\">www.guerzenich-orchester.de\/go-plus<\/a><\/span> <\/p>\n<p>\u00a0<\/p>\n","protected":false},"excerpt":{"rendered":"<p><span style=\"font-family: arial,helvetica,sans-serif; font-size: small;\">04.12.2015 &#8212; Das G\u00fcrzenich-Orchester K\u00f6ln geht mit seinem Chefdirigenten Fran\u00e7ois-Xavier Roth neue Wege in der Medienproduktion: Ausgew\u00e4hlte Konzerte in der K\u00f6lner Philharmonie werden daf\u00fcr in Video und Audio mitgeschnitten und \u00fcber die Homepage angeboten.<\/span><\/p>\n","protected":false},"author":1,"featured_media":0,"comment_status":"open","ping_status":"open","sticky":false,"template":"","format":"standard","meta":{"footnotes":""},"categories":[2],"tags":[],"class_list":["post-2679","post","type-post","status-publish","format-standard","hentry","category-nachrichten","entry"],"_links":{"self":[{"href":"https:\/\/codexflores.ch\/index.php\/wp-json\/wp\/v2\/posts\/2679","targetHints":{"allow":["GET"]}}],"collection":[{"href":"https:\/\/codexflores.ch\/index.php\/wp-json\/wp\/v2\/posts"}],"about":[{"href":"https:\/\/codexflores.ch\/index.php\/wp-json\/wp\/v2\/types\/post"}],"author":[{"embeddable":true,"href":"https:\/\/codexflores.ch\/index.php\/wp-json\/wp\/v2\/users\/1"}],"replies":[{"embeddable":true,"href":"https:\/\/codexflores.ch\/index.php\/wp-json\/wp\/v2\/comments?post=2679"}],"version-history":[{"count":0,"href":"https:\/\/codexflores.ch\/index.php\/wp-json\/wp\/v2\/posts\/2679\/revisions"}],"wp:attachment":[{"href":"https:\/\/codexflores.ch\/index.php\/wp-json\/wp\/v2\/media?parent=2679"}],"wp:term":[{"taxonomy":"category","embeddable":true,"href":"https:\/\/codexflores.ch\/index.php\/wp-json\/wp\/v2\/categories?post=2679"},{"taxonomy":"post_tag","embeddable":true,"href":"https:\/\/codexflores.ch\/index.php\/wp-json\/wp\/v2\/tags?post=2679"}],"curies":[{"name":"wp","href":"https:\/\/api.w.org\/{rel}","templated":true}]}}