{"id":2680,"date":"2015-12-04T06:53:02","date_gmt":"2015-12-04T06:53:02","guid":{"rendered":"https:\/\/codexflores.ch\/index.php\/2015\/12\/04\/die-basel-sinfonietta-stellt-ihren-kuenftigen-chef-vor\/"},"modified":"2015-12-04T06:53:02","modified_gmt":"2015-12-04T06:53:02","slug":"die-basel-sinfonietta-stellt-ihren-kuenftigen-chef-vor","status":"publish","type":"post","link":"https:\/\/codexflores.ch\/index.php\/2015\/12\/04\/die-basel-sinfonietta-stellt-ihren-kuenftigen-chef-vor\/","title":{"rendered":"Die Basel Sinfonietta stellt ihren k\u00fcnftigen Chef vor"},"content":{"rendered":"<p><span style=\"font-family: arial,helvetica,sans-serif; font-size: small;\">04.12.2015 &#8211;Die Basel Sinfonietta stellt ihrem Publikum ihren neuen Chefdirigenten Baldur Br\u00f6nnimann vor: Sein Antrittskonzert gibt er am 24. Januar 2016 in der Messe Basel \u2013 mit Musik von Magnus Lindberg, Michael Torke und Thomas Ad\u00e8s.<\/span><\/p>\n<p><span style=\"font-family: arial,helvetica,sans-serif; font-size: small;\"><strong>04.12.2015 &#8211;Die Basel Sinfonietta stellt ihrem Publikum ihren neuen Chefdirigenten Baldur Br\u00f6nnimann vor: Sein Antrittskonzert gibt er am 24. Januar 2016 in der Messe Basel \u2013 mit Musik von Magnus Lindberg, Michael Torke und Thomas Ad\u00e8s.<\/strong><\/span><\/p>\n<p><span style=\"font-family: arial,helvetica,sans-serif; font-size: small;\">\u00a0<\/span><\/p>\n<p><span style=\"font-family: arial,helvetica,sans-serif; font-size: small;\">Bisher hat sich das Orchester in seiner 35-j\u00e4hrigen Geschichte basisdemokratisch verwaltet und ohne Chefdirigent gearbeitet. Mit der Verpflichtung des Schweizers Baldur Br\u00f6nnimann \u00e4ndert sich dies. Nach langj\u00e4hriger Zusammenarbeit wurde er 2015 Chefdirigent des Orquestra Sinf\u00f3nica do Porto Casa da M\u00fasica. Ab September 2016 wird er bei der Basel Sinfonietta das Amt des Chefdirigenten wahrnehmen.\u00a0<\/span><\/p>\n<p><span style=\"font-family: arial,helvetica,sans-serif; font-size: small;\">\u00a0<\/span><\/p>\n<p><span style=\"font-family: arial,helvetica,sans-serif; font-size: small;\">Br\u00f6nnimann hegt laut der Mitteilung der Basel Sinfonietta eine besonderen Affinit\u00e4t f\u00fcr die komplexesten zeitgen\u00f6ssischen Partituren. Er arbeitet regelm\u00e4ssig mit Komponisten wie John Adams, Kaija Saariaho, Harrison Birtwistle oder Unsuk Chin. <em>(cf)<\/em><\/span><\/p>\n<p><span style=\"font-family: arial,helvetica,sans-serif; font-size: small;\"><em>\u00a0<\/em><\/span><\/p>\n<p><span style=\"font-family: arial,helvetica,sans-serif; font-size: small;\"><strong>Mehr Infos:<\/strong> <a href=\"http:\/\/www.baselsinfonietta.ch\">www.baselsinfonietta.ch<\/a><\/span><\/p>\n<p><span style=\"font-family: arial,helvetica,sans-serif; font-size: small;\">\u00a0<\/span><\/p>\n<p><span style=\"font-family: arial,helvetica,sans-serif; font-size: small;\">\u00a0<\/span><\/p>\n<p>\u00a0<\/p>\n","protected":false},"excerpt":{"rendered":"<p><span style=\"font-family: arial,helvetica,sans-serif; font-size: small;\">04.12.2015 &#8211;Die Basel Sinfonietta stellt ihrem Publikum ihren neuen Chefdirigenten Baldur Br\u00f6nnimann vor: Sein Antrittskonzert gibt er am 24. Januar 2016 in der Messe Basel \u2013 mit Musik von Magnus Lindberg, Michael Torke und Thomas Ad\u00e8s.<\/span><\/p>\n","protected":false},"author":1,"featured_media":0,"comment_status":"open","ping_status":"open","sticky":false,"template":"","format":"standard","meta":{"footnotes":""},"categories":[2],"tags":[],"class_list":["post-2680","post","type-post","status-publish","format-standard","hentry","category-nachrichten","entry"],"_links":{"self":[{"href":"https:\/\/codexflores.ch\/index.php\/wp-json\/wp\/v2\/posts\/2680","targetHints":{"allow":["GET"]}}],"collection":[{"href":"https:\/\/codexflores.ch\/index.php\/wp-json\/wp\/v2\/posts"}],"about":[{"href":"https:\/\/codexflores.ch\/index.php\/wp-json\/wp\/v2\/types\/post"}],"author":[{"embeddable":true,"href":"https:\/\/codexflores.ch\/index.php\/wp-json\/wp\/v2\/users\/1"}],"replies":[{"embeddable":true,"href":"https:\/\/codexflores.ch\/index.php\/wp-json\/wp\/v2\/comments?post=2680"}],"version-history":[{"count":0,"href":"https:\/\/codexflores.ch\/index.php\/wp-json\/wp\/v2\/posts\/2680\/revisions"}],"wp:attachment":[{"href":"https:\/\/codexflores.ch\/index.php\/wp-json\/wp\/v2\/media?parent=2680"}],"wp:term":[{"taxonomy":"category","embeddable":true,"href":"https:\/\/codexflores.ch\/index.php\/wp-json\/wp\/v2\/categories?post=2680"},{"taxonomy":"post_tag","embeddable":true,"href":"https:\/\/codexflores.ch\/index.php\/wp-json\/wp\/v2\/tags?post=2680"}],"curies":[{"name":"wp","href":"https:\/\/api.w.org\/{rel}","templated":true}]}}