{"id":2681,"date":"2015-12-07T06:57:45","date_gmt":"2015-12-07T06:57:45","guid":{"rendered":"https:\/\/codexflores.ch\/index.php\/2015\/12\/07\/luzerner-sinfonieorchester-erstmals-in-istanbul-und-zagreb\/"},"modified":"2015-12-07T06:57:45","modified_gmt":"2015-12-07T06:57:45","slug":"luzerner-sinfonieorchester-erstmals-in-istanbul-und-zagreb","status":"publish","type":"post","link":"https:\/\/codexflores.ch\/index.php\/2015\/12\/07\/luzerner-sinfonieorchester-erstmals-in-istanbul-und-zagreb\/","title":{"rendered":"Luzerner Sinfonieorchester erstmals in Istanbul und Zagreb"},"content":{"rendered":"<p><span style=\"font-family: arial,helvetica,sans-serif; font-size: small;\">07.12.2015 &#8212; Auf seiner Fr\u00fchjahrstournee 2016 wird das LSO gleich zwei Deb\u00fcts in europ\u00e4ischen Metropolen geben k\u00f6nnen: In der I\u015f Sanat Concert Hall in Istanbul und in der Lisinski Hall in Zagreb.<\/span><\/p>\n<p><span style=\"font-family: arial,helvetica,sans-serif; font-size: small;\"><strong>07.12.2015 &#8212; Auf seiner Fr\u00fchjahrstournee 2016 wird das LSO gleich zwei Deb\u00fcts in europ\u00e4ischen Metropolen geben k\u00f6nnen: In der I\u015f Sanat Concert Hall in Istanbul und in der Lisinski Hall in Zagreb.<\/strong><\/span><\/p>\n<p><span style=\"font-family: arial,helvetica,sans-serif; font-size: small;\">\u00a0<\/span><\/p>\n<p><span style=\"font-family: arial,helvetica,sans-serif; font-size: small;\">Das LSO wird in Istanbul (22. April 2016) und in Zagreb (24. April 2016) unter der Leitung von James Gaffigan gemeinsam mit Vilde Frang und Truls M\u00f8rk auftreten. Auf dem Programm stehen Brahms&#8216; Doppelkonzert f\u00fcr Violine, Violoncello und Orchester a-Moll op. 102 sowie Dvo\u0159\u00e1ks Sinfonie Nr. 8.<\/span><\/p>\n<p><span style=\"font-family: arial,helvetica,sans-serif; font-size: small;\">\u00a0<\/span><\/p>\n<p><span style=\"font-family: arial,helvetica,sans-serif; font-size: small;\">Das Luzerner Sinfonieorchester (LSO) ist das Residenzorchester im KKL Luzern. Seit der Saison 2011\/12 steht ihm James Gaffigan als Chefdirigent vor. Gastspiele f\u00fchrten es in j\u00fcngster Zeit ins Grosse Festspielhaus Salzburg, ins Concertgebouw Amsterdam, in die Schostakowitsch-Philharmonie in St. Petersburg, ins Th\u00e9\u00e2tre des Champs-\u00c9lys\u00e9es in Paris, ins Festspielhaus Baden-Baden, ins Lingotto-Auditorium Giovanni Agnelli in Turin, in die Suntory Hall Tokyo sowie in die Londoner Barbican Hall.<\/span><\/p>\n<p>\u00a0<\/p>\n<p><span style=\"font-family: arial,helvetica,sans-serif; font-size: small;\"> In der Saison 2013\/14 standen weitere gewichtige Deb\u00fcts an, unter anderem eine Einladung ans Enescu-Festival in Bukarest sowie in die Tchaikovsky Concert Hall in Moskau. Im Juni 2011 gastierte das LSO w\u00e4hrend zweier Wochen in den bedeutenden Konzerts\u00e4len Chinas und war somit bereits das zweite Mal in Asien nach einer dreiw\u00f6chigen Japan-Tournee im Jahr 2008. Es folgten Tourneen im November 2011 nach Spanien, im Sommer 2013 nach Israel und im Herbst 2014 erstmals nach S\u00fcdamerika in die Kulturmetropolen S\u00e3o Paulo, Buenos Aires und Montevideo.<em> (cf)<\/em><\/span><\/p>\n<p>\u00a0<\/p>\n","protected":false},"excerpt":{"rendered":"<p><span style=\"font-family: arial,helvetica,sans-serif; font-size: small;\">07.12.2015 &#8212; Auf seiner Fr\u00fchjahrstournee 2016 wird das LSO gleich zwei Deb\u00fcts in europ\u00e4ischen Metropolen geben k\u00f6nnen: In der I\u015f Sanat Concert Hall in Istanbul und in der Lisinski Hall in Zagreb.<\/span><\/p>\n","protected":false},"author":1,"featured_media":0,"comment_status":"open","ping_status":"open","sticky":false,"template":"","format":"standard","meta":{"footnotes":""},"categories":[2],"tags":[],"class_list":["post-2681","post","type-post","status-publish","format-standard","hentry","category-nachrichten","entry"],"_links":{"self":[{"href":"https:\/\/codexflores.ch\/index.php\/wp-json\/wp\/v2\/posts\/2681","targetHints":{"allow":["GET"]}}],"collection":[{"href":"https:\/\/codexflores.ch\/index.php\/wp-json\/wp\/v2\/posts"}],"about":[{"href":"https:\/\/codexflores.ch\/index.php\/wp-json\/wp\/v2\/types\/post"}],"author":[{"embeddable":true,"href":"https:\/\/codexflores.ch\/index.php\/wp-json\/wp\/v2\/users\/1"}],"replies":[{"embeddable":true,"href":"https:\/\/codexflores.ch\/index.php\/wp-json\/wp\/v2\/comments?post=2681"}],"version-history":[{"count":0,"href":"https:\/\/codexflores.ch\/index.php\/wp-json\/wp\/v2\/posts\/2681\/revisions"}],"wp:attachment":[{"href":"https:\/\/codexflores.ch\/index.php\/wp-json\/wp\/v2\/media?parent=2681"}],"wp:term":[{"taxonomy":"category","embeddable":true,"href":"https:\/\/codexflores.ch\/index.php\/wp-json\/wp\/v2\/categories?post=2681"},{"taxonomy":"post_tag","embeddable":true,"href":"https:\/\/codexflores.ch\/index.php\/wp-json\/wp\/v2\/tags?post=2681"}],"curies":[{"name":"wp","href":"https:\/\/api.w.org\/{rel}","templated":true}]}}