{"id":2682,"date":"2015-12-07T07:05:07","date_gmt":"2015-12-07T07:05:07","guid":{"rendered":"https:\/\/codexflores.ch\/index.php\/2015\/12\/07\/karan-armstrong-preis-erstmals-vergeben\/"},"modified":"2015-12-07T07:05:07","modified_gmt":"2015-12-07T07:05:07","slug":"karan-armstrong-preis-erstmals-vergeben","status":"publish","type":"post","link":"https:\/\/codexflores.ch\/index.php\/2015\/12\/07\/karan-armstrong-preis-erstmals-vergeben\/","title":{"rendered":"Karan-Armstrong-Preis erstmals vergeben"},"content":{"rendered":"<p><span style=\"font-family: arial,helvetica,sans-serif; font-size: small;\">07.12.2015 &#8212; Der Regisseur Martin G. Berger ist Tr\u00e4ger des ersten Karan-Armstrong-Preises. Er wird f\u00fcr seine hintergr\u00fcndige Inszenierung der Strauss-Operette \u00abDie Fledermaus\u00bb an der Staatsoper Hannover ausgezeichnet.<\/span><\/p>\n<p><span style=\"font-family: arial,helvetica,sans-serif; font-size: small;\"><strong>07.12.2015 &#8212; Der Regisseur Martin G. Berger ist Tr\u00e4ger des ersten Karan-Armstrong-Preises. Er wird f\u00fcr seine hintergr\u00fcndige Inszenierung der Strauss-Operette \u00abDie Fledermaus\u00bb an der Staatsoper Hannover ausgezeichnet.<\/strong><\/span><\/p>\n<p><span style=\"font-family: arial,helvetica,sans-serif; font-size: small;\">\u00a0<\/span><\/p>\n<p><span style=\"font-family: arial,helvetica,sans-serif; font-size: small;\">Laut der Jury ist das Prinzip Bergers \u00abdem Publikum zuerst das zu geben, was es erwartet, um es dann zu dekonstruieren\u00bb. Er entlarve so die Doppelmoral \u2013 und von nichts anderem handele ja auch das St\u00fcck. Der 1987 in Berlin geborene Martin G. Berger war ab 2009 Regieassistent und Abendspielleiter an der Oper Dortmund. 2011 wechselte er in gleicher Position an die Staatsoper Hannover. 2015 deb\u00fctierte er mit \u00abDie Fledermaus\u00bb in Hannover. <\/span><\/p>\n<p><span style=\"font-family: arial,helvetica,sans-serif; font-size: small;\">\u00a0<\/span><\/p>\n<p><span style=\"font-family: arial,helvetica,sans-serif; font-size: small;\">Der Karan-Armstrong-Preis, benannt nach der grossen amerikanischen S\u00e4ngerin Karan Armstrong, langj\u00e4hrige Muse und Gattin des legend\u00e4ren Opernregisseurs G\u00f6tz Friedrich, wird von der G\u00f6tz-Friedrich-Stiftung verliehen.\u00a0 <em>(cf)<\/em><\/span><\/p>\n<p>\u00a0<\/p>\n","protected":false},"excerpt":{"rendered":"<p><span style=\"font-family: arial,helvetica,sans-serif; font-size: small;\">07.12.2015 &#8212; Der Regisseur Martin G. Berger ist Tr\u00e4ger des ersten Karan-Armstrong-Preises. Er wird f\u00fcr seine hintergr\u00fcndige Inszenierung der Strauss-Operette \u00abDie Fledermaus\u00bb an der Staatsoper Hannover ausgezeichnet.<\/span><\/p>\n","protected":false},"author":1,"featured_media":0,"comment_status":"open","ping_status":"open","sticky":false,"template":"","format":"standard","meta":{"footnotes":""},"categories":[2],"tags":[],"class_list":["post-2682","post","type-post","status-publish","format-standard","hentry","category-nachrichten","entry"],"_links":{"self":[{"href":"https:\/\/codexflores.ch\/index.php\/wp-json\/wp\/v2\/posts\/2682","targetHints":{"allow":["GET"]}}],"collection":[{"href":"https:\/\/codexflores.ch\/index.php\/wp-json\/wp\/v2\/posts"}],"about":[{"href":"https:\/\/codexflores.ch\/index.php\/wp-json\/wp\/v2\/types\/post"}],"author":[{"embeddable":true,"href":"https:\/\/codexflores.ch\/index.php\/wp-json\/wp\/v2\/users\/1"}],"replies":[{"embeddable":true,"href":"https:\/\/codexflores.ch\/index.php\/wp-json\/wp\/v2\/comments?post=2682"}],"version-history":[{"count":0,"href":"https:\/\/codexflores.ch\/index.php\/wp-json\/wp\/v2\/posts\/2682\/revisions"}],"wp:attachment":[{"href":"https:\/\/codexflores.ch\/index.php\/wp-json\/wp\/v2\/media?parent=2682"}],"wp:term":[{"taxonomy":"category","embeddable":true,"href":"https:\/\/codexflores.ch\/index.php\/wp-json\/wp\/v2\/categories?post=2682"},{"taxonomy":"post_tag","embeddable":true,"href":"https:\/\/codexflores.ch\/index.php\/wp-json\/wp\/v2\/tags?post=2682"}],"curies":[{"name":"wp","href":"https:\/\/api.w.org\/{rel}","templated":true}]}}