{"id":2683,"date":"2015-12-07T07:24:45","date_gmt":"2015-12-07T07:24:45","guid":{"rendered":"https:\/\/codexflores.ch\/index.php\/2015\/12\/07\/harnoncourt-beendet-dirigentenkarriere\/"},"modified":"2015-12-07T07:24:45","modified_gmt":"2015-12-07T07:24:45","slug":"harnoncourt-beendet-dirigentenkarriere","status":"publish","type":"post","link":"https:\/\/codexflores.ch\/index.php\/2015\/12\/07\/harnoncourt-beendet-dirigentenkarriere\/","title":{"rendered":"Harnoncourt beendet Dirigentenkarriere"},"content":{"rendered":"<p><span style=\"font-family: arial,helvetica,sans-serif; font-size: small;\">07.12.2015 &#8212; Laut \u00f6sterreichischen Presseberichten hat Nikolaus Harnoncourt in Form eines handgeschriebenen Briefs an die Besucher eines Konzerts des Concentus Musicus in Wien seinen R\u00fcckzug von der Dirigiert\u00e4tigkeit erkl\u00e4rt. Der Grund ist die\u00a0 angeschlagene Gesundheit des 86-J\u00e4hrigen.<\/span><\/p>\n<p><span style=\"font-family: arial,helvetica,sans-serif; font-size: small;\"><strong>07.12.2015 &#8212; Laut \u00f6sterreichischen Presseberichten hat Nikolaus Harnoncourt in Form eines handgeschriebenen Briefs an die Besucher eines Konzerts des Concentus Musicus in Wien seinen R\u00fcckzug von der Dirigiert\u00e4tigkeit erkl\u00e4rt. Der Grund ist die\u00a0 angeschlagene Gesundheit des 86-J\u00e4hrigen.<\/strong><\/span><\/p>\n<p>\u00a0<\/p>\n<p><span style=\"font-family: arial,helvetica,sans-serif; font-size: small;\">W\u00f6rtlich steht in dem Brief, der im Faksimile dem Programmheft beigegeben war: \u00abMeine k\u00f6rperlichen Kr\u00e4fte gebieten eine Absage meiner weiteren Pl\u00e4ne. Da kommen grosse Gedanken hoch: zwischen uns am Podium und Ihnen im Saal hat sich ein ungew\u00f6hnlich tiefe Beziehung aufgebaut. (&#8230;) Der dies\u00e4hrige Zyklus wird noch im meinem Sinne gef\u00fchrt.\u00bb<\/span><\/p>\n<p>\u00a0<\/p>\n<p><span style=\"font-family: arial,helvetica,sans-serif; font-size: small;\">Harnoncourt hatte sich bereits f\u00fcr diese Konzerte vertreten lassen m\u00fcssen. Die Konzerte im Wiener Musikverein finden laut einer Information auf Harnocourts <a href=\"http:\/\/www.harnoncourt.info\/\" target=\"_blank\" rel=\"noopener noreferrer\">Webseite<\/a> wie im Brief angek\u00fcndigt statt. Der Beethoven-Zyklus der styriarte 2016 mit dem Concentus Musicus findet ebenfalls statt. Die weiteren Konsequenzen des R\u00fcckzugs f\u00fcr die bereits ver\u00f6ffentlichten Projekte der n\u00e4chsten Monate seien heute noch nicht abzusehen und w\u00fcrden in den n\u00e4chsten Tagen und Wochen von den betroffenen Veranstaltern bekanntgegeben, heisst es dort weiter. <em>(cf)<\/em><\/span><\/p>\n<p>\u00a0<\/p>\n<p>\u00a0<\/p>\n<p>\u00a0<\/p>\n","protected":false},"excerpt":{"rendered":"<p><span style=\"font-family: arial,helvetica,sans-serif; font-size: small;\">07.12.2015 &#8212; Laut \u00f6sterreichischen Presseberichten hat Nikolaus Harnoncourt in Form eines handgeschriebenen Briefs an die Besucher eines Konzerts des Concentus Musicus in Wien seinen R\u00fcckzug von der Dirigiert\u00e4tigkeit erkl\u00e4rt. Der Grund ist die\u00a0 angeschlagene Gesundheit des 86-J\u00e4hrigen.<\/span><\/p>\n","protected":false},"author":1,"featured_media":0,"comment_status":"open","ping_status":"open","sticky":false,"template":"","format":"standard","meta":{"footnotes":""},"categories":[2],"tags":[],"class_list":["post-2683","post","type-post","status-publish","format-standard","hentry","category-nachrichten","entry"],"_links":{"self":[{"href":"https:\/\/codexflores.ch\/index.php\/wp-json\/wp\/v2\/posts\/2683","targetHints":{"allow":["GET"]}}],"collection":[{"href":"https:\/\/codexflores.ch\/index.php\/wp-json\/wp\/v2\/posts"}],"about":[{"href":"https:\/\/codexflores.ch\/index.php\/wp-json\/wp\/v2\/types\/post"}],"author":[{"embeddable":true,"href":"https:\/\/codexflores.ch\/index.php\/wp-json\/wp\/v2\/users\/1"}],"replies":[{"embeddable":true,"href":"https:\/\/codexflores.ch\/index.php\/wp-json\/wp\/v2\/comments?post=2683"}],"version-history":[{"count":0,"href":"https:\/\/codexflores.ch\/index.php\/wp-json\/wp\/v2\/posts\/2683\/revisions"}],"wp:attachment":[{"href":"https:\/\/codexflores.ch\/index.php\/wp-json\/wp\/v2\/media?parent=2683"}],"wp:term":[{"taxonomy":"category","embeddable":true,"href":"https:\/\/codexflores.ch\/index.php\/wp-json\/wp\/v2\/categories?post=2683"},{"taxonomy":"post_tag","embeddable":true,"href":"https:\/\/codexflores.ch\/index.php\/wp-json\/wp\/v2\/tags?post=2683"}],"curies":[{"name":"wp","href":"https:\/\/api.w.org\/{rel}","templated":true}]}}