{"id":2685,"date":"2015-12-08T07:22:32","date_gmt":"2015-12-08T07:22:32","guid":{"rendered":"https:\/\/codexflores.ch\/index.php\/2015\/12\/08\/orchestre-de-chambre-de-geneve-tritt-orchester-ch-bei\/"},"modified":"2015-12-08T07:22:32","modified_gmt":"2015-12-08T07:22:32","slug":"orchestre-de-chambre-de-geneve-tritt-orchester-ch-bei","status":"publish","type":"post","link":"https:\/\/codexflores.ch\/index.php\/2015\/12\/08\/orchestre-de-chambre-de-geneve-tritt-orchester-ch-bei\/","title":{"rendered":"Orchestre de Chambre de Gen\u00e8ve tritt Orchester.ch bei"},"content":{"rendered":"<p><span style=\"font-family: arial,helvetica,sans-serif; font-size: small;\">08.12.2015 &#8212; Orchester.ch, die Vereinigung der Scweizer Berufsorchester, hat mit dem Orchestre de Chambre de Gen\u00e8ve ein vierzehntes Mitglied. Es ist neben dem Orchestre de Chambre de Lausanne und dem Orchestre de la Suisse Romande das dritte aus der Romandie.<\/span><\/p>\n<p><span style=\"font-family: arial,helvetica,sans-serif; font-size: small;\"><strong>08.12.2015 &#8212; Orchester.ch, die Vereinigung der Scweizer Berufsorchester, hat mit dem Orchestre de Chambre de Gen\u00e8ve ein vierzehntes Mitglied. Es ist neben dem Orchestre de Chambre de Lausanne und dem Orchestre de la Suisse Romande das dritte aus der Romandie.<\/strong><\/span><\/p>\n<p>\u00a0<\/p>\n<p><span style=\"font-family: arial,helvetica,sans-serif; font-size: small;\">Das Orchestre de Chambre de Gen\u00e8ve (L\u2018OCG) wurde im Jahr 1992 gegr\u00fcndet. Seit September 2013 ist der\u00a0 niederl\u00e4ndische Dirigent Arie van Beek k\u00fcnstlerischer und musikalischer Leiter. Nach der Umwandlung im Jahr 2008 zu einer Stiftung des Privatrechts wurden mehrere Jahre der k\u00fcnstlerischen und administrativen Festigung gewidmet. Die Aufnahme des Orchesters bei orchester.ch ist nun ein weiterer Schritt zur Institutionalisierung.<\/span><\/p>\n<p>\u00a0<\/p>\n<p><span style=\"font-family: arial,helvetica,sans-serif; font-size: small;\">Orchester.ch vertritt die Interessen seiner Mitglieder \u00abin Bezug auf die Erf\u00fcllung ihrer vielf\u00e4ltigen Aufgaben als Musikinstitution sowie auf ihre T\u00e4tigkeit als Orchestertr\u00e4ger und Konzertveranstalter\u00bb. Er setzt sich ein \u00abf\u00fcr die Bewahrung von Berufsorchestern im heutigen Sinne und f\u00fcr deren Entwicklung zur Sicherstellung einer hochwertigen Orchesterkultur in der Schweiz\u00bb.<em> (cf)<\/em> <\/span><\/p>\n<p>\u00a0<\/p>\n","protected":false},"excerpt":{"rendered":"<p><span style=\"font-family: arial,helvetica,sans-serif; font-size: small;\">08.12.2015 &#8212; Orchester.ch, die Vereinigung der Scweizer Berufsorchester, hat mit dem Orchestre de Chambre de Gen\u00e8ve ein vierzehntes Mitglied. Es ist neben dem Orchestre de Chambre de Lausanne und dem Orchestre de la Suisse Romande das dritte aus der Romandie.<\/span><\/p>\n","protected":false},"author":1,"featured_media":0,"comment_status":"open","ping_status":"open","sticky":false,"template":"","format":"standard","meta":{"footnotes":""},"categories":[2],"tags":[],"class_list":["post-2685","post","type-post","status-publish","format-standard","hentry","category-nachrichten","entry"],"_links":{"self":[{"href":"https:\/\/codexflores.ch\/index.php\/wp-json\/wp\/v2\/posts\/2685","targetHints":{"allow":["GET"]}}],"collection":[{"href":"https:\/\/codexflores.ch\/index.php\/wp-json\/wp\/v2\/posts"}],"about":[{"href":"https:\/\/codexflores.ch\/index.php\/wp-json\/wp\/v2\/types\/post"}],"author":[{"embeddable":true,"href":"https:\/\/codexflores.ch\/index.php\/wp-json\/wp\/v2\/users\/1"}],"replies":[{"embeddable":true,"href":"https:\/\/codexflores.ch\/index.php\/wp-json\/wp\/v2\/comments?post=2685"}],"version-history":[{"count":0,"href":"https:\/\/codexflores.ch\/index.php\/wp-json\/wp\/v2\/posts\/2685\/revisions"}],"wp:attachment":[{"href":"https:\/\/codexflores.ch\/index.php\/wp-json\/wp\/v2\/media?parent=2685"}],"wp:term":[{"taxonomy":"category","embeddable":true,"href":"https:\/\/codexflores.ch\/index.php\/wp-json\/wp\/v2\/categories?post=2685"},{"taxonomy":"post_tag","embeddable":true,"href":"https:\/\/codexflores.ch\/index.php\/wp-json\/wp\/v2\/tags?post=2685"}],"curies":[{"name":"wp","href":"https:\/\/api.w.org\/{rel}","templated":true}]}}