{"id":2693,"date":"2015-12-14T07:18:17","date_gmt":"2015-12-14T07:18:17","guid":{"rendered":"https:\/\/codexflores.ch\/index.php\/2015\/12\/14\/steffens-leitet-norwegische-nationaloper\/"},"modified":"2015-12-14T07:18:17","modified_gmt":"2015-12-14T07:18:17","slug":"steffens-leitet-norwegische-nationaloper","status":"publish","type":"post","link":"https:\/\/codexflores.ch\/index.php\/2015\/12\/14\/steffens-leitet-norwegische-nationaloper\/","title":{"rendered":"Steffens leitet Norwegische Nationaloper"},"content":{"rendered":"<p><span style=\"font-family: arial,helvetica,sans-serif; font-size: small;\">14.12.2015 &#8212; Karl-Heinz Steffens, der Generalmusikdirektor der Deutschen Staatsphilharmonie Rheinland-Pfalz, wird ab der Saison 2016\/2017 zus\u00e4tzlich Musikdirektor der Norwegischen Nationaloper in Oslo, Den Norske Opera &amp; Ballett.<\/span><\/p>\n<p><span style=\"font-family: arial,helvetica,sans-serif; font-size: small;\"><strong>14.12.2015 &#8212; Karl-Heinz Steffens, der Generalmusikdirektor der Deutschen Staatsphilharmonie Rheinland-Pfalz, wird ab der Saison 2016\/2017 zus\u00e4tzlich Musikdirektor der Norwegischen Nationaloper in Oslo, Den Norske Opera &amp; Ballett.<\/strong><\/span><\/p>\n<p>\u00a0<\/p>\n<p><span style=\"font-family: arial,helvetica,sans-serif; font-size: small;\">Gemeinsam mit der als Operndirektorin ebenfalls neu verpflichteten Irisch-Britischen Opernregisseurin und Theatermanagerin Annilese Miskimmon und der Ballettdirektorin Ingrid Lorenzen wird Karl-Heinz Steffens Akteur im Leitungsteam der Norwegischen Nationaloper, der als Gesch\u00e4ftsf\u00fchrer Nils Are Karstad Lys\u00f8 vorsteht. <\/span><\/p>\n<p>\u00a0<\/p>\n<p><span style=\"font-family: arial,helvetica,sans-serif; font-size: small;\">Nachdem er 2007 seine T\u00e4tigkeit als Solo-Klarinettist der Berliner Philharmoniker beendet hatte, wurde\u00a0Karl-Heinz Steffens Generalmusikdirektor der Staatskapelle Halle und k\u00fcnstlerischer Direktor des Opernhauses. Zu Beginn der Saison 2009\/2010 \u00fcbernahm er als Chefdirigent und Generalmusikdirektor die Deutsche Staatsphilharmonie Rheinland-Pfalz. W\u00e4hrend sein Engagement in Halle im Sommer 2013 endete, verl\u00e4ngerte er seinen Vertrag bei der Staatsphilharmonie bis zum Ende der Spielzeit 2017\/2018.<\/span><\/p>\n<p>\u00a0<\/p>\n<p><span style=\"font-family: arial,helvetica,sans-serif; font-size: small;\">In Z\u00fcrich ist Karl-Heinz Steffens kein Unbekannter. Er sprang in der vorletzten Saison f\u00fcr Kurt Masur ein und dieses Jahr leitete er das Tonhalle-Orcherster im Rahmen der Festspiele Z\u00fcrich.<em> (cf)<\/em> <\/span><\/p>\n<p>\u00a0<\/p>\n<p>\u00a0<\/p>\n<p>\u00a0<\/p>\n","protected":false},"excerpt":{"rendered":"<p><span style=\"font-family: arial,helvetica,sans-serif; font-size: small;\">14.12.2015 &#8212; Karl-Heinz Steffens, der Generalmusikdirektor der Deutschen Staatsphilharmonie Rheinland-Pfalz, wird ab der Saison 2016\/2017 zus\u00e4tzlich Musikdirektor der Norwegischen Nationaloper in Oslo, Den Norske Opera &amp; Ballett.<\/span><\/p>\n","protected":false},"author":1,"featured_media":0,"comment_status":"open","ping_status":"open","sticky":false,"template":"","format":"standard","meta":{"footnotes":""},"categories":[2],"tags":[],"class_list":["post-2693","post","type-post","status-publish","format-standard","hentry","category-nachrichten","entry"],"_links":{"self":[{"href":"https:\/\/codexflores.ch\/index.php\/wp-json\/wp\/v2\/posts\/2693","targetHints":{"allow":["GET"]}}],"collection":[{"href":"https:\/\/codexflores.ch\/index.php\/wp-json\/wp\/v2\/posts"}],"about":[{"href":"https:\/\/codexflores.ch\/index.php\/wp-json\/wp\/v2\/types\/post"}],"author":[{"embeddable":true,"href":"https:\/\/codexflores.ch\/index.php\/wp-json\/wp\/v2\/users\/1"}],"replies":[{"embeddable":true,"href":"https:\/\/codexflores.ch\/index.php\/wp-json\/wp\/v2\/comments?post=2693"}],"version-history":[{"count":0,"href":"https:\/\/codexflores.ch\/index.php\/wp-json\/wp\/v2\/posts\/2693\/revisions"}],"wp:attachment":[{"href":"https:\/\/codexflores.ch\/index.php\/wp-json\/wp\/v2\/media?parent=2693"}],"wp:term":[{"taxonomy":"category","embeddable":true,"href":"https:\/\/codexflores.ch\/index.php\/wp-json\/wp\/v2\/categories?post=2693"},{"taxonomy":"post_tag","embeddable":true,"href":"https:\/\/codexflores.ch\/index.php\/wp-json\/wp\/v2\/tags?post=2693"}],"curies":[{"name":"wp","href":"https:\/\/api.w.org\/{rel}","templated":true}]}}