{"id":2696,"date":"2015-12-16T06:43:48","date_gmt":"2015-12-16T06:43:48","guid":{"rendered":"https:\/\/codexflores.ch\/index.php\/2015\/12\/16\/fausch-wird-leiter-des-ensemble-modern\/"},"modified":"2015-12-16T06:43:48","modified_gmt":"2015-12-16T06:43:48","slug":"fausch-wird-leiter-des-ensemble-modern","status":"publish","type":"post","link":"https:\/\/codexflores.ch\/index.php\/2015\/12\/16\/fausch-wird-leiter-des-ensemble-modern\/","title":{"rendered":"Fausch wird Leiter des Ensemble Modern"},"content":{"rendered":"<p><span style=\"font-family: arial,helvetica,sans-serif; font-size: small;\">16.12.2015 &#8212; Christian Fausch, der fr\u00fchere k\u00fcnstlerische Leiter des Collegium Novum Z\u00fcrich, \u00fcbernimmt neben seiner T\u00e4tigkeit als Gesch\u00e4ftsf\u00fchrer der Jungen Deutschen Philharmonie das K\u00fcnstlerische Management <span style=\"font-family: arial,helvetica,sans-serif; font-size: small;\">des Ensemble Modern und <\/span>die Gesch\u00e4ftsf\u00fchrungen des Ensemble Modern und der Deutschen Ensemble Akademie.<\/span><\/p>\n<p><span style=\"font-family: arial,helvetica,sans-serif; font-size: small;\"><strong>16.12.2015 &#8212; <span style=\"font-family: arial,helvetica,sans-serif; font-size: small;\">Christian Fausch, der fr\u00fchere k\u00fcnstlerische Leiter des Collegium Novum Z\u00fcrich, \u00fcbernimmt neben seiner T\u00e4tigkeit als Gesch\u00e4ftsf\u00fchrer der Jungen Deutschen Philharmonie das K\u00fcnstlerische Management <span style=\"font-family: arial,helvetica,sans-serif; font-size: small;\">des Ensemble Modern und <\/span>die Gesch\u00e4ftsf\u00fchrungen des Ensemble Modern und der Deutschen Ensemble Akademie.<\/span><br \/><\/strong><\/span><\/p>\n<p><span style=\"font-family: arial,helvetica,sans-serif; font-size: small;\">\u00a0<\/span><\/p>\n<p><span style=\"font-family: arial,helvetica,sans-serif; font-size: small;\"><span style=\"font-family: arial,helvetica,sans-serif; font-size: small;\"> Das Ensemble Modern ist 1980 von Mitgliedern der Jungen Deutschen Philharmonie gegr\u00fcndet worden. <br \/><\/span>Beim Ensemble Modern und bei der Deutschen Ensemble Akademie \u00fcbernimmt Fausch die Aufgaben von Roland Diry, der nach fast zehnj\u00e4hriger T\u00e4tigkeit als Hauptgesch\u00e4ftsf\u00fchrer diese Aufgaben abgibt. Auch mit der Personalunion des Gesch\u00e4ftsf\u00fchrers bleiben die Institutionen rechtlich und wirtschaftlich vollst\u00e4ndig unabh\u00e4ngig. <br \/><\/span><\/p>\n<p><span style=\"font-family: arial,helvetica,sans-serif; font-size: small;\">\u00a0<\/span><\/p>\n<p><span style=\"font-family: arial,helvetica,sans-serif; font-size: small;\">Fausch hat an der Musik-Akademie der Stadt Basel als Cellist ein Konzertreifediplom erworben. Anschliessend bildete er sich an der Universit\u00e4t f\u00fcr Musik und Darstellende Kunst Wien zum Kulturmanager aus. 2005 \u00fcbernahm er die k\u00fcnstlerische Leitung und Gesch\u00e4ftsf\u00fchrung beim Collegium Novum Z\u00fcrich. Seit August 2012 ist er Gesch\u00e4ftsf\u00fchrer der Jungen Deutschen Philharmonie. <br \/><\/span><\/p>\n<p><span style=\"font-family: arial,helvetica,sans-serif; font-size: small;\">\u00a0<\/span><\/p>\n<p><span style=\"font-family: arial,helvetica,sans-serif; font-size: small;\">Als Gastdozent ist er an verschiedenen Musikhochschulen t\u00e4tig, und er hat sich unter anderem als Stiftungsrat der Fondation Nestl\u00e9 pour l\u2019Art mit Fragen einer sparten\u00fcbergreifenden Kunstvermittlung sowie der F\u00f6rderung junger Menschen besch\u00e4ftigt. <em>(cf)<\/em><\/span><\/p>\n","protected":false},"excerpt":{"rendered":"<p><span style=\"font-family: arial,helvetica,sans-serif; font-size: small;\">16.12.2015 &#8212; Christian Fausch, der fr\u00fchere k\u00fcnstlerische Leiter des Collegium Novum Z\u00fcrich, \u00fcbernimmt neben seiner T\u00e4tigkeit als Gesch\u00e4ftsf\u00fchrer der Jungen Deutschen Philharmonie das K\u00fcnstlerische Management <span style=\"font-family: arial,helvetica,sans-serif; font-size: small;\">des Ensemble Modern und <\/span>die Gesch\u00e4ftsf\u00fchrungen des Ensemble Modern und der Deutschen Ensemble Akademie.<\/span><\/p>\n","protected":false},"author":1,"featured_media":0,"comment_status":"open","ping_status":"open","sticky":false,"template":"","format":"standard","meta":{"footnotes":""},"categories":[2],"tags":[],"class_list":["post-2696","post","type-post","status-publish","format-standard","hentry","category-nachrichten","entry"],"_links":{"self":[{"href":"https:\/\/codexflores.ch\/index.php\/wp-json\/wp\/v2\/posts\/2696","targetHints":{"allow":["GET"]}}],"collection":[{"href":"https:\/\/codexflores.ch\/index.php\/wp-json\/wp\/v2\/posts"}],"about":[{"href":"https:\/\/codexflores.ch\/index.php\/wp-json\/wp\/v2\/types\/post"}],"author":[{"embeddable":true,"href":"https:\/\/codexflores.ch\/index.php\/wp-json\/wp\/v2\/users\/1"}],"replies":[{"embeddable":true,"href":"https:\/\/codexflores.ch\/index.php\/wp-json\/wp\/v2\/comments?post=2696"}],"version-history":[{"count":0,"href":"https:\/\/codexflores.ch\/index.php\/wp-json\/wp\/v2\/posts\/2696\/revisions"}],"wp:attachment":[{"href":"https:\/\/codexflores.ch\/index.php\/wp-json\/wp\/v2\/media?parent=2696"}],"wp:term":[{"taxonomy":"category","embeddable":true,"href":"https:\/\/codexflores.ch\/index.php\/wp-json\/wp\/v2\/categories?post=2696"},{"taxonomy":"post_tag","embeddable":true,"href":"https:\/\/codexflores.ch\/index.php\/wp-json\/wp\/v2\/tags?post=2696"}],"curies":[{"name":"wp","href":"https:\/\/api.w.org\/{rel}","templated":true}]}}