{"id":2699,"date":"2015-12-17T06:34:36","date_gmt":"2015-12-17T06:34:36","guid":{"rendered":"https:\/\/codexflores.ch\/index.php\/2015\/12\/17\/prekaere-arbeitsverhaeltnisse-an-deutschen-hochschulen\/"},"modified":"2015-12-17T06:34:36","modified_gmt":"2015-12-17T06:34:36","slug":"prekaere-arbeitsverhaeltnisse-an-deutschen-hochschulen","status":"publish","type":"post","link":"https:\/\/codexflores.ch\/index.php\/2015\/12\/17\/prekaere-arbeitsverhaeltnisse-an-deutschen-hochschulen\/","title":{"rendered":"Prek\u00e4re Arbeitsverh\u00e4ltnisse  an deutschen Hochschulen"},"content":{"rendered":"<p><span style=\"font-family: arial,helvetica,sans-serif; font-size: small;\">17.12.2015 &#8212; Der Deutsche Musikrat ist \u00fcberzeugt davon, dass sich die soziale Lage der hochqualifizierten Lehrbeauftragten f\u00fcr die k\u00fcnstlerische und p\u00e4dagogische Arbeit an Hochschulen prek\u00e4r gestaltet.<\/span><\/p>\n<p><span style=\"font-family: arial,helvetica,sans-serif; font-size: small;\"><strong>17.12.2015 &#8212; Der Deutsche Musikrat ist \u00fcberzeugt davon, dass sich die soziale Lage der hochqualifizierten Lehrbeauftragten f\u00fcr die k\u00fcnstlerische und p\u00e4dagogische Arbeit an Hochschulen prek\u00e4r gestaltet.\u00a0<\/strong><\/span><\/p>\n<p><span style=\"font-family: arial,helvetica,sans-serif; font-size: small;\">\u00a0<\/span><\/p>\n<p><span style=\"font-family: arial,helvetica,sans-serif; font-size: small;\">Durch unzureichende Mittelzuweisung an die Hochschulen, schreibt der Musikrat, st\u00fcnden nicht die n\u00f6tigen finanziellen Mittel zu Verf\u00fcgung, um die Lehrbeauftragten angemessen zu verg\u00fcten. Der Rat fordert die Politik auf, die Hochschulleitungen darin zu unterst\u00fctzen, \u00abk\u00fcnftig Mindeststandards sozialer Absicherung und eine angemessene Honorierung f\u00fcr die Arbeit der Lehrbeauftragten sicherzustellen\u00bb. <\/span><\/p>\n<p>\u00a0<\/p>\n<p><span style=\"font-family: arial,helvetica,sans-serif; font-size: small;\">Um die Qualit\u00e4t und Kontinuit\u00e4t der Lehre an den Hochschulen nicht zu gef\u00e4hrden, m\u00fcsse auf Grundlage der Empfehlungen der Enquete-Kommission \u00abKultur in Deutschland\u00bb eine nachhaltige L\u00f6sung f\u00fcr die Lehrbeauftragten erfolgen.<em> (cf)<\/em><\/span><\/p>\n","protected":false},"excerpt":{"rendered":"<p><span style=\"font-family: arial,helvetica,sans-serif; font-size: small;\">17.12.2015 &#8212; Der Deutsche Musikrat ist \u00fcberzeugt davon, dass sich die soziale Lage der hochqualifizierten Lehrbeauftragten f\u00fcr die k\u00fcnstlerische und p\u00e4dagogische Arbeit an Hochschulen prek\u00e4r gestaltet.<\/span><\/p>\n","protected":false},"author":1,"featured_media":0,"comment_status":"open","ping_status":"open","sticky":false,"template":"","format":"standard","meta":{"footnotes":""},"categories":[2],"tags":[],"class_list":["post-2699","post","type-post","status-publish","format-standard","hentry","category-nachrichten","entry"],"_links":{"self":[{"href":"https:\/\/codexflores.ch\/index.php\/wp-json\/wp\/v2\/posts\/2699","targetHints":{"allow":["GET"]}}],"collection":[{"href":"https:\/\/codexflores.ch\/index.php\/wp-json\/wp\/v2\/posts"}],"about":[{"href":"https:\/\/codexflores.ch\/index.php\/wp-json\/wp\/v2\/types\/post"}],"author":[{"embeddable":true,"href":"https:\/\/codexflores.ch\/index.php\/wp-json\/wp\/v2\/users\/1"}],"replies":[{"embeddable":true,"href":"https:\/\/codexflores.ch\/index.php\/wp-json\/wp\/v2\/comments?post=2699"}],"version-history":[{"count":0,"href":"https:\/\/codexflores.ch\/index.php\/wp-json\/wp\/v2\/posts\/2699\/revisions"}],"wp:attachment":[{"href":"https:\/\/codexflores.ch\/index.php\/wp-json\/wp\/v2\/media?parent=2699"}],"wp:term":[{"taxonomy":"category","embeddable":true,"href":"https:\/\/codexflores.ch\/index.php\/wp-json\/wp\/v2\/categories?post=2699"},{"taxonomy":"post_tag","embeddable":true,"href":"https:\/\/codexflores.ch\/index.php\/wp-json\/wp\/v2\/tags?post=2699"}],"curies":[{"name":"wp","href":"https:\/\/api.w.org\/{rel}","templated":true}]}}