{"id":2702,"date":"2015-12-18T06:41:21","date_gmt":"2015-12-18T06:41:21","guid":{"rendered":"https:\/\/codexflores.ch\/index.php\/2015\/12\/18\/studie-zur-musiktherapie-depressiver-jugendlichen\/"},"modified":"2015-12-18T06:41:21","modified_gmt":"2015-12-18T06:41:21","slug":"studie-zur-musiktherapie-depressiver-jugendlichen","status":"publish","type":"post","link":"https:\/\/codexflores.ch\/index.php\/2015\/12\/18\/studie-zur-musiktherapie-depressiver-jugendlichen\/","title":{"rendered":"Studie zur Musiktherapie f\u00fcr depressive Jugendliche"},"content":{"rendered":"<p><span style=\"font-family: arial,helvetica,sans-serif; font-size: small;\">18.12.2015 &#8212; Die SRH Hochschule und das Universit\u00e4tsklinikum Heidelberg untersuchen mit einer Pilotstudie, wie eine neue Form der Musiktherapie bei depressiven Jugendlichen erfolgreich eingesetzt werden kann.<\/span><\/p>\n<p><span style=\"font-family: arial,helvetica,sans-serif; font-size: small;\"><strong>18.12.2015 &#8212; Die SRH Hochschule und das Universit\u00e4tsklinikum Heidelberg untersuchen mit einer Pilotstudie, wie eine neue Form der Musiktherapie bei depressiven Jugendlichen erfolgreich eingesetzt werden kann.<\/strong><\/span><\/p>\n<p><span style=\"font-family: arial,helvetica,sans-serif; font-size: small;\">\u00a0<\/span><\/p>\n<p><span style=\"font-family: arial,helvetica,sans-serif; font-size: small;\">Im Rahmen des Projektes \u00abWired by Music\u00bb wollen Franz Resch vonf Seiten der Uni und Thomas Hillecke als Vertreter der SRH Kinder und Jugendliche zwischen 13 und 17 Jahren <span style=\"font-family: arial,helvetica,sans-serif; font-size: small;\">begleiten<\/span>, die an einer depressiven Episode oder einer chronischen Depression leiden und bereits in \u00e4rztlicher oder psychotherapeutischer Behandlung sind. Sie erhalten zw\u00f6lf kostenlose Musiktherapie-Einzelsitzungen in der Ambulanz auf dem Campus der SRH Hochschule Heidelberg.<\/span><\/p>\n<p>\u00a0<\/p>\n<p><span style=\"font-family: arial,helvetica,sans-serif; font-size: small;\"> Achtsames H\u00f6ren der \u00abeigenen\u00bb Musik und das Erstellen individueller Playlists f\u00fcr mobile Abspielger\u00e4te, mit denen sich die Jugendlichen in verschiedenen Situationen selbst helfen k\u00f6nnen, seien ein Teil der Therapie, heisst es in der entsprechenden Medienmitteilung. Die jungen Menschen n\u00e4hern sich musikalisch ihren Emotionen und vertonen sie in gemeinsamen Improvisationen. Klavier, Gitarre und Percussion-Instrumente stehen daf\u00fcr bereit. Auch musikalische Rollenspiele oder therapeutisches Songwriting sind m\u00f6glich. <\/span><\/p>\n<p>\u00a0<\/p>\n<p><span style=\"font-family: arial,helvetica,sans-serif; font-size: small;\">Zu Beginn, am Ende und nach drei Monaten werden Daten zu den Teilnehmenden erhoben \u2013 die Probanden beantworten dabei Fragen, lassen sich die Herzrate messen und geben eine Haarprobe ab. Die Therapie beginnt ab Ende Januar 2016, Interessierte k\u00f6nnen sich per Mail unter josephine.geipel@med.uni-heidelberg.de oder unter der Telefonnummer 06221-56-5728 informieren oder auf die Warteliste setzen lassen.\u00a0 <em>(cf)<\/em><\/span><\/p>\n<p><span style=\"font-family: arial,helvetica,sans-serif; font-size: small;\">\u00a0<\/span><\/p>\n","protected":false},"excerpt":{"rendered":"<p><span style=\"font-family: arial,helvetica,sans-serif; font-size: small;\">18.12.2015 &#8212; Die SRH Hochschule und das Universit\u00e4tsklinikum Heidelberg untersuchen mit einer Pilotstudie, wie eine neue Form der Musiktherapie bei depressiven Jugendlichen erfolgreich eingesetzt werden kann.<\/span><\/p>\n","protected":false},"author":1,"featured_media":0,"comment_status":"open","ping_status":"open","sticky":false,"template":"","format":"standard","meta":{"footnotes":""},"categories":[2],"tags":[],"class_list":["post-2702","post","type-post","status-publish","format-standard","hentry","category-nachrichten","entry"],"_links":{"self":[{"href":"https:\/\/codexflores.ch\/index.php\/wp-json\/wp\/v2\/posts\/2702","targetHints":{"allow":["GET"]}}],"collection":[{"href":"https:\/\/codexflores.ch\/index.php\/wp-json\/wp\/v2\/posts"}],"about":[{"href":"https:\/\/codexflores.ch\/index.php\/wp-json\/wp\/v2\/types\/post"}],"author":[{"embeddable":true,"href":"https:\/\/codexflores.ch\/index.php\/wp-json\/wp\/v2\/users\/1"}],"replies":[{"embeddable":true,"href":"https:\/\/codexflores.ch\/index.php\/wp-json\/wp\/v2\/comments?post=2702"}],"version-history":[{"count":0,"href":"https:\/\/codexflores.ch\/index.php\/wp-json\/wp\/v2\/posts\/2702\/revisions"}],"wp:attachment":[{"href":"https:\/\/codexflores.ch\/index.php\/wp-json\/wp\/v2\/media?parent=2702"}],"wp:term":[{"taxonomy":"category","embeddable":true,"href":"https:\/\/codexflores.ch\/index.php\/wp-json\/wp\/v2\/categories?post=2702"},{"taxonomy":"post_tag","embeddable":true,"href":"https:\/\/codexflores.ch\/index.php\/wp-json\/wp\/v2\/tags?post=2702"}],"curies":[{"name":"wp","href":"https:\/\/api.w.org\/{rel}","templated":true}]}}