{"id":2704,"date":"2015-12-22T07:03:44","date_gmt":"2015-12-22T07:03:44","guid":{"rendered":"https:\/\/codexflores.ch\/index.php\/2015\/12\/22\/tiroler-festspiele-opfer-von-hackern\/"},"modified":"2015-12-22T07:03:44","modified_gmt":"2015-12-22T07:03:44","slug":"tiroler-festspiele-opfer-von-hackern","status":"publish","type":"post","link":"https:\/\/codexflores.ch\/index.php\/2015\/12\/22\/tiroler-festspiele-opfer-von-hackern\/","title":{"rendered":"Tiroler Festspiele Opfer von Hackern?"},"content":{"rendered":"<p><span style=\"font-family: arial,helvetica,sans-serif; font-size: small;\">22.12.2015 &#8212; Das ist neu: W\u00e4hrend eines Adventskonzerts mit Bachs Weihnachtsoratorium im Erler Festspielhaus im \u00f6sterreichischen Tirol ist das Licht manipuliert worden. Die Veranstalter gehen von einem Hackerangriff aus.<\/span><\/p>\n<p><span style=\"font-family: arial,helvetica,sans-serif; font-size: small;\"><strong>22.12.2015 &#8212; <span style=\"font-family: arial,helvetica,sans-serif; font-size: small;\">Das ist neu: W\u00e4hrend eines Adventskonzerts mit Bachs Weihnachtsoratorium im Erler Festspielhaus im \u00f6sterreichischen Tirol ist das Licht manipuliert worden. Die Veranstalter gehen von einem Hackerangriff aus.<\/span><br \/><\/strong><\/span><\/p>\n<p><span style=\"font-family: arial,helvetica,sans-serif; font-size: small;\">\u00a0<\/span><\/p>\n<p><span style=\"font-family: arial,helvetica,sans-serif; font-size: small;\">Mitten in der Auff\u00fchrung sei es im Zuschauerraum zweimal hell geworden, schreiben die Festspiele. Der Dirigent Gustav Kuhn drehte sich beim zweiten Mal zum Publikum um und entschuldigte sich f\u00fcr die Zwischenf\u00e4lle mit einem Achselzucken als Ausdruck seiner Verwunderung. <\/span><\/p>\n<p>\u00a0<\/p>\n<p><span style=\"font-family: arial,helvetica,sans-serif; font-size: small;\">Die Festspiele erstatteten Anzeige wegen widerrechtlichen Zugriffs auf ein Computersystem gegen Unbekannt und hoffen auf ein baldiges Ermittlungsergebnis aufgrund des Abgleichs der Tatzeitpunkte mit den im System protokollierten Zugriffen von ausserhalb auf die Lichtanlage. <\/span><\/p>\n<p>\u00a0<\/p>\n<p><span style=\"font-family: arial,helvetica,sans-serif; font-size: small;\">Bei einem Hackerangriff auf eine \u00f6ffentliche Einrichtung handle es sich nicht um ein Kavaliers-Delikt, schreiben die Festspiele Erl weiter. Laut EU-Verordnung wird das illegale Eindringen oder St\u00f6ren eines Computersystems mit mindestens zwei Jahren Haft bestraft. Bis zu f\u00fcnf Jahren Haft kann einem \u00fcberf\u00fchrten T\u00e4ter drohen. <em>(cf)<\/em><\/span><\/p>\n","protected":false},"excerpt":{"rendered":"<p><span style=\"font-family: arial,helvetica,sans-serif; font-size: small;\">22.12.2015 &#8212; Das ist neu: W\u00e4hrend eines Adventskonzerts mit Bachs Weihnachtsoratorium im Erler Festspielhaus im \u00f6sterreichischen Tirol ist das Licht manipuliert worden. Die Veranstalter gehen von einem Hackerangriff aus.<\/span><\/p>\n","protected":false},"author":1,"featured_media":0,"comment_status":"open","ping_status":"open","sticky":false,"template":"","format":"standard","meta":{"footnotes":""},"categories":[2],"tags":[],"class_list":["post-2704","post","type-post","status-publish","format-standard","hentry","category-nachrichten","entry"],"_links":{"self":[{"href":"https:\/\/codexflores.ch\/index.php\/wp-json\/wp\/v2\/posts\/2704","targetHints":{"allow":["GET"]}}],"collection":[{"href":"https:\/\/codexflores.ch\/index.php\/wp-json\/wp\/v2\/posts"}],"about":[{"href":"https:\/\/codexflores.ch\/index.php\/wp-json\/wp\/v2\/types\/post"}],"author":[{"embeddable":true,"href":"https:\/\/codexflores.ch\/index.php\/wp-json\/wp\/v2\/users\/1"}],"replies":[{"embeddable":true,"href":"https:\/\/codexflores.ch\/index.php\/wp-json\/wp\/v2\/comments?post=2704"}],"version-history":[{"count":0,"href":"https:\/\/codexflores.ch\/index.php\/wp-json\/wp\/v2\/posts\/2704\/revisions"}],"wp:attachment":[{"href":"https:\/\/codexflores.ch\/index.php\/wp-json\/wp\/v2\/media?parent=2704"}],"wp:term":[{"taxonomy":"category","embeddable":true,"href":"https:\/\/codexflores.ch\/index.php\/wp-json\/wp\/v2\/categories?post=2704"},{"taxonomy":"post_tag","embeddable":true,"href":"https:\/\/codexflores.ch\/index.php\/wp-json\/wp\/v2\/tags?post=2704"}],"curies":[{"name":"wp","href":"https:\/\/api.w.org\/{rel}","templated":true}]}}