{"id":2712,"date":"2016-01-04T07:29:22","date_gmt":"2016-01-04T07:29:22","guid":{"rendered":"https:\/\/codexflores.ch\/index.php\/2016\/01\/04\/tod-des-brasilianischen-komponisten-gilberto-mendes\/"},"modified":"2016-01-04T07:29:22","modified_gmt":"2016-01-04T07:29:22","slug":"tod-des-brasilianischen-komponisten-gilberto-mendes","status":"publish","type":"post","link":"https:\/\/codexflores.ch\/index.php\/2016\/01\/04\/tod-des-brasilianischen-komponisten-gilberto-mendes\/","title":{"rendered":"Tod des brasilianischen Komponisten Gilberto Mendes"},"content":{"rendered":"<p><span style=\"font-family: arial,helvetica,sans-serif; font-size: small;\">04.01.2016 &#8212; Der brasilianische Komponist Gilberto Mendes, der unter anderem bei Henri Pousseur und Pierre Boulez in Darmstadt studierte, ist in S\u00e3o Paulo im Alter von 93 Jahren verstorben.<\/span><\/p>\n<p><span style=\"font-family: arial,helvetica,sans-serif; font-size: small;\"><strong> 04.01.2016 &#8212;\u00a0Der brasilianische Komponist Gilberto Mendes, der unter anderem bei Henri Pousseur und Pierre Boulez in Darmstadt studierte, ist in S\u00e3o Paulo im Alter von 93 Jahren verstorben.<\/strong><\/span><\/p>\n<p><span style=\"font-family: arial,helvetica,sans-serif; font-size: small;\">\u00a0<\/span><\/p>\n<p><span style=\"font-family: arial,helvetica,sans-serif; font-size: small;\">Mendes, der zwar an den Darmst\u00e4dter Ferienkursen teilnahm, aber durchaus seine eigenen Wege ging, gr\u00fcndete 1965 in seiner Geburtsstadt Santos Festspiele f\u00fcr neue Musik. In den 1970er und 1980er Jahren unterrichtete er an der University of Wisconsin und der University of Texas, in der Folge an der Universit\u00e4t von S\u00e3o Paulo. <\/span><\/p>\n<p>\u00a0<\/p>\n<p><span style=\"font-family: arial,helvetica,sans-serif; font-size: small;\">Seine Werke umfassen Instrumentalmusik, aber auch Kantaten und Motetten. Als Klangerzeuger nutzte er neben traditionellen Instrumentern auch Alltagsgegenst\u00e4nde wie Staubsauger, K\u00fcchenmaschinen, Waschmaschinen und Fernsehger\u00e4te.\u00a0<em> (cf)<\/em><\/span><\/p>\n","protected":false},"excerpt":{"rendered":"<p><span style=\"font-family: arial,helvetica,sans-serif; font-size: small;\">04.01.2016 &#8212; Der brasilianische Komponist Gilberto Mendes, der unter anderem bei Henri Pousseur und Pierre Boulez in Darmstadt studierte, ist in S\u00e3o Paulo im Alter von 93 Jahren verstorben.<\/span><\/p>\n","protected":false},"author":1,"featured_media":0,"comment_status":"open","ping_status":"open","sticky":false,"template":"","format":"standard","meta":{"footnotes":""},"categories":[2],"tags":[],"class_list":["post-2712","post","type-post","status-publish","format-standard","hentry","category-nachrichten","entry"],"_links":{"self":[{"href":"https:\/\/codexflores.ch\/index.php\/wp-json\/wp\/v2\/posts\/2712","targetHints":{"allow":["GET"]}}],"collection":[{"href":"https:\/\/codexflores.ch\/index.php\/wp-json\/wp\/v2\/posts"}],"about":[{"href":"https:\/\/codexflores.ch\/index.php\/wp-json\/wp\/v2\/types\/post"}],"author":[{"embeddable":true,"href":"https:\/\/codexflores.ch\/index.php\/wp-json\/wp\/v2\/users\/1"}],"replies":[{"embeddable":true,"href":"https:\/\/codexflores.ch\/index.php\/wp-json\/wp\/v2\/comments?post=2712"}],"version-history":[{"count":0,"href":"https:\/\/codexflores.ch\/index.php\/wp-json\/wp\/v2\/posts\/2712\/revisions"}],"wp:attachment":[{"href":"https:\/\/codexflores.ch\/index.php\/wp-json\/wp\/v2\/media?parent=2712"}],"wp:term":[{"taxonomy":"category","embeddable":true,"href":"https:\/\/codexflores.ch\/index.php\/wp-json\/wp\/v2\/categories?post=2712"},{"taxonomy":"post_tag","embeddable":true,"href":"https:\/\/codexflores.ch\/index.php\/wp-json\/wp\/v2\/tags?post=2712"}],"curies":[{"name":"wp","href":"https:\/\/api.w.org\/{rel}","templated":true}]}}