{"id":2717,"date":"2016-01-06T11:42:53","date_gmt":"2016-01-06T11:42:53","guid":{"rendered":"https:\/\/codexflores.ch\/index.php\/2016\/01\/06\/tod-des-komponisten-und-dirigenten-pierre-boulez\/"},"modified":"2016-01-06T11:42:53","modified_gmt":"2016-01-06T11:42:53","slug":"tod-des-komponisten-und-dirigenten-pierre-boulez","status":"publish","type":"post","link":"https:\/\/codexflores.ch\/index.php\/2016\/01\/06\/tod-des-komponisten-und-dirigenten-pierre-boulez\/","title":{"rendered":"Tod des Komponisten und Dirigenten Pierre Boulez"},"content":{"rendered":"<p><span style=\"font-family: arial,helvetica,sans-serif; font-size: small;\">06.01.2016 &#8212; Der eng mit dem Lucerne Festival verbundene fr\u00e4nz\u00f6sische Komponist und Dirigent Pierer Boulez ist laut Angaben seiner Familie gestern Nacht in Baden-Baden im Alter von 90 Jahren verstorben.<\/span><\/p>\n<p><span style=\"font-family: arial,helvetica,sans-serif; font-size: small;\"><strong>06.01.2016 &#8212; Der eng mit dem Lucerne Festival verbundene fr\u00e4nz\u00f6sische Komponist und Dirigent Pierer Boulez ist laut Angaben seiner Familie gestern Nacht in\u00a0<span style=\"font-family: arial,helvetica,sans-serif; font-size: small;\">Baden-Baden<\/span> im Alter von 90 Jahren verstorben.<\/strong><\/span><\/p>\n<p>\u00a0<\/p>\n<p><span style=\"font-family: arial,helvetica,sans-serif; font-size: small;\">Der 1925 in Montbrison geborene Pierre Boulez studierte bei Olivier Messiaen und Ren\u00e9 Leibowitz. Mit <em>Douze Notations<\/em> (1945) und zwei Klaviersonaten (1946\/48) trat er erstmals als Komponist in Erscheinung; seinen weltweiten Ruf festigte vor allem die Urauff\u00fchrung der Kammerkantate <em>Le Marteau sans Ma\u00eetre<\/em> (1955) in Baden-Baden.<\/span><\/p>\n<p>\u00a0<\/p>\n<p><span style=\"font-family: arial,helvetica,sans-serif; font-size: small;\">Als Dirigent war er Musikalischer Leiter des BBC Symphony Orchestra (1960\u201372) und des New York Philharmonic (1971\u201375). Anschliessend war er von 1976 bis 1991 als Leiter des von ihm gegr\u00fcndeten IRCAM, des Forschungsinstituts f\u00fcr zeitgen\u00f6ssische Musik am Centre Pompidou, und des Ensemble intercontemporain in Paris t\u00e4tig.<\/span><\/p>\n<p>\u00a0<\/p>\n<p><span style=\"font-family: arial,helvetica,sans-serif; font-size: small;\">2003 begr\u00fcndete er die Lucerne Festival Academy. Pierre Boulez war Tr\u00e4ger des Siemens-Musikpreises, des \u00abPraemium Imperiale\u00bb, des Theodor-W.-Adorno-Preises, des \u00abPolar Music Prize\u00bb, des \u00abKyoto Prize\u00bb und des Adenauer-de Gaulle-Preises. <em>(cf)<\/em><\/span><\/p>\n<p>\u00a0<\/p>\n","protected":false},"excerpt":{"rendered":"<p><span style=\"font-family: arial,helvetica,sans-serif; font-size: small;\">06.01.2016 &#8212; Der eng mit dem Lucerne Festival verbundene fr\u00e4nz\u00f6sische Komponist und Dirigent Pierer Boulez ist laut Angaben seiner Familie gestern Nacht in Baden-Baden im Alter von 90 Jahren verstorben.<\/span><\/p>\n","protected":false},"author":1,"featured_media":0,"comment_status":"open","ping_status":"open","sticky":false,"template":"","format":"standard","meta":{"footnotes":""},"categories":[2],"tags":[],"class_list":["post-2717","post","type-post","status-publish","format-standard","hentry","category-nachrichten","entry"],"_links":{"self":[{"href":"https:\/\/codexflores.ch\/index.php\/wp-json\/wp\/v2\/posts\/2717","targetHints":{"allow":["GET"]}}],"collection":[{"href":"https:\/\/codexflores.ch\/index.php\/wp-json\/wp\/v2\/posts"}],"about":[{"href":"https:\/\/codexflores.ch\/index.php\/wp-json\/wp\/v2\/types\/post"}],"author":[{"embeddable":true,"href":"https:\/\/codexflores.ch\/index.php\/wp-json\/wp\/v2\/users\/1"}],"replies":[{"embeddable":true,"href":"https:\/\/codexflores.ch\/index.php\/wp-json\/wp\/v2\/comments?post=2717"}],"version-history":[{"count":0,"href":"https:\/\/codexflores.ch\/index.php\/wp-json\/wp\/v2\/posts\/2717\/revisions"}],"wp:attachment":[{"href":"https:\/\/codexflores.ch\/index.php\/wp-json\/wp\/v2\/media?parent=2717"}],"wp:term":[{"taxonomy":"category","embeddable":true,"href":"https:\/\/codexflores.ch\/index.php\/wp-json\/wp\/v2\/categories?post=2717"},{"taxonomy":"post_tag","embeddable":true,"href":"https:\/\/codexflores.ch\/index.php\/wp-json\/wp\/v2\/tags?post=2717"}],"curies":[{"name":"wp","href":"https:\/\/api.w.org\/{rel}","templated":true}]}}