{"id":2719,"date":"2016-01-08T06:54:27","date_gmt":"2016-01-08T06:54:27","guid":{"rendered":"https:\/\/codexflores.ch\/index.php\/2016\/01\/08\/erben-wollen-muenchner-poulenc-inszenierung-verhindern\/"},"modified":"2016-01-08T06:54:27","modified_gmt":"2016-01-08T06:54:27","slug":"erben-wollen-muenchner-poulenc-inszenierung-verhindern","status":"publish","type":"post","link":"https:\/\/codexflores.ch\/index.php\/2016\/01\/08\/erben-wollen-muenchner-poulenc-inszenierung-verhindern\/","title":{"rendered":"Erben wollen M\u00fcnchner Poulenc-Inszenierung verhindern"},"content":{"rendered":"<p><span style=\"font-family: arial,helvetica,sans-serif; font-size: small;\">08.01.2016 &#8212; Wie die Bayerische Staatsoper schreibt wollen die Erben Poulencs und Bernanos&#8216; zur Wiederaufnahme von Poulencs \u00abDialogues des Carm\u00e9lites\u00bb eine Ab\u00e4nderung der Inszenierung oder ein Verbot der Auff\u00fchrungen.<\/span><\/p>\n<p><span style=\"font-family: arial,helvetica,sans-serif; font-size: small;\"><strong>08.01.2016 &#8212; Wie die Bayerische Staatsoper schreibt wollen die Erben Poulencs und Bernanos&#8216; zur Wiederaufnahme von Poulencs \u00abDialogues des Carm\u00e9lites\u00bb eine Ab\u00e4nderung der Inszenierung oder ein Verbot der Auff\u00fchrungen.<\/strong><\/span><\/p>\n<p><span style=\"font-family: arial,helvetica,sans-serif; font-size: small;\">\u00a0<\/span><\/p>\n<p><span style=\"font-family: arial,helvetica,sans-serif; font-size: small;\">Der Forderung der Erben, die kurz vor Weihnachten an die Leitung der Staatsoper herangetragen wurde, geht eine l\u00e4ngere rechtliche Auseinandersetzung voraus. Schon zur letzten Wiederaufnahme des Werkes im November 2012 war in Paris eine Klage unter Berufung auf das Urheberpers\u00f6nlichkeitsrecht anh\u00e4ngig, mit der weitere Auff\u00fchrungen untersagt werden sollten. Ausserdem wurden die Produktionsfirma BelAir Media und der TV-Sender Mezzo verklagt\u00a0\u2013 mit dem Ziel, den Vertrieb der DVD und die Ausstrahlung der in M\u00fcnchen aufgezeichneten Auff\u00fchrung zu unterbinden.<\/span><\/p>\n<p><span style=\"font-family: arial,helvetica,sans-serif; font-size: small;\">\u00a0<\/span><\/p>\n<p><span style=\"font-family: arial,helvetica,sans-serif; font-size: small;\">Die Nachkommen sind der Auffassung, dass die Umsetzung der Schlussszene durch den Regisseur Dmitri Tcherniakov das Werk von Bernanos und Poulenc abwandelt und entstellt. In der Neuinterpretation des russischen Regisseurs, die im M\u00e4rz 2010 Premiere hatte, rettet die Hauptfigur Blanche de la Force ihre Mitschwestern vor dem Tod und kommt als Einzige ums Leben. Nach Meinung der Erben muss der M\u00e4rtyrertod aller Nonnen zwingend szenisch umgesetzt werden, um die Kernaussage des Werkes zu treffen.<\/span><\/p>\n<p><span style=\"font-family: arial,helvetica,sans-serif; font-size: small;\">In erster Instanz wurde die Klage abgewiesen. Das Tribunal de Grande Instance de Paris stellte ausdr\u00fccklich fest, dass die Inszenierung die Themen, die den Kern des Werks bilden, respektiert. In zweiter Instanz vor dem Cour d`Appel de Paris (Berufungsgericht) wurde die Klage gegen die Staatsoper erneut abgewiesen. Stattgegeben wurde der Klage in Bezug auf die Sendungen durch Mezzo-TV und den Vertrieb der DVD.<\/span><\/p>\n<p><span style=\"font-family: arial,helvetica,sans-serif; font-size: small;\">\u00a0<\/span><\/p>\n<p><span style=\"font-family: arial,helvetica,sans-serif; font-size: small;\">Nikolaus Bachler, Intendant der Bayerischen Staatsoper, besteht auf der k\u00fcnstlerischen Freiheit. In der Hand der K\u00fcnstler seine grosse Werke besser aufgehoben als in den H\u00e4nden der Erben, zitiert ihn die Staatsoper. B\u00fchnenkunst werde durch freie Interpretation am Leben erhalten, nicht durch vermeintliche Rechtsanspr\u00fcche. <em>(cf)<\/em><\/span><\/p>\n<p><span style=\"font-family: arial,helvetica,sans-serif; font-size: small;\">\u00a0<\/span><\/p>\n<p>\u00a0<\/p>\n","protected":false},"excerpt":{"rendered":"<p><span style=\"font-family: arial,helvetica,sans-serif; font-size: small;\">08.01.2016 &#8212; Wie die Bayerische Staatsoper schreibt wollen die Erben Poulencs und Bernanos&#8216; zur Wiederaufnahme von Poulencs \u00abDialogues des Carm\u00e9lites\u00bb eine Ab\u00e4nderung der Inszenierung oder ein Verbot der Auff\u00fchrungen.<\/span><\/p>\n","protected":false},"author":1,"featured_media":0,"comment_status":"open","ping_status":"open","sticky":false,"template":"","format":"standard","meta":{"footnotes":""},"categories":[2],"tags":[],"class_list":["post-2719","post","type-post","status-publish","format-standard","hentry","category-nachrichten","entry"],"_links":{"self":[{"href":"https:\/\/codexflores.ch\/index.php\/wp-json\/wp\/v2\/posts\/2719","targetHints":{"allow":["GET"]}}],"collection":[{"href":"https:\/\/codexflores.ch\/index.php\/wp-json\/wp\/v2\/posts"}],"about":[{"href":"https:\/\/codexflores.ch\/index.php\/wp-json\/wp\/v2\/types\/post"}],"author":[{"embeddable":true,"href":"https:\/\/codexflores.ch\/index.php\/wp-json\/wp\/v2\/users\/1"}],"replies":[{"embeddable":true,"href":"https:\/\/codexflores.ch\/index.php\/wp-json\/wp\/v2\/comments?post=2719"}],"version-history":[{"count":0,"href":"https:\/\/codexflores.ch\/index.php\/wp-json\/wp\/v2\/posts\/2719\/revisions"}],"wp:attachment":[{"href":"https:\/\/codexflores.ch\/index.php\/wp-json\/wp\/v2\/media?parent=2719"}],"wp:term":[{"taxonomy":"category","embeddable":true,"href":"https:\/\/codexflores.ch\/index.php\/wp-json\/wp\/v2\/categories?post=2719"},{"taxonomy":"post_tag","embeddable":true,"href":"https:\/\/codexflores.ch\/index.php\/wp-json\/wp\/v2\/tags?post=2719"}],"curies":[{"name":"wp","href":"https:\/\/api.w.org\/{rel}","templated":true}]}}