{"id":2720,"date":"2016-01-08T07:27:32","date_gmt":"2016-01-08T07:27:32","guid":{"rendered":"https:\/\/codexflores.ch\/index.php\/2016\/01\/08\/philippe-jordan-muss-auftritte-absagen\/"},"modified":"2016-01-08T07:27:32","modified_gmt":"2016-01-08T07:27:32","slug":"philippe-jordan-muss-auftritte-absagen","status":"publish","type":"post","link":"https:\/\/codexflores.ch\/index.php\/2016\/01\/08\/philippe-jordan-muss-auftritte-absagen\/","title":{"rendered":"Philippe Jordan muss Auftritte absagen"},"content":{"rendered":"<p><span style=\"font-family: arial,helvetica,sans-serif; font-size: small;\">08.01.2016 &#8211;Der Schweizer Dirigent Philippe Jordan muss <span style=\"font-family: arial,helvetica,sans-serif; font-size: small;\"><span style=\"font-family: arial,helvetica,sans-serif; font-size: small;\"><span style=\"font-family: arial,helvetica,sans-serif; font-size: small;\"> im Januar und Anfang Februar<\/span> <\/span><\/span>alle Termine <span style=\"font-family: arial,helvetica,sans-serif; font-size: small;\"> als Leiter der Wiener Symphoniker aus gesundheitlichen Gr\u00fcnden<\/span> absagen.<\/span><\/p>\n<p><span style=\"font-family: arial,helvetica,sans-serif; font-size: small;\"><strong><span style=\"font-family: arial,helvetica,sans-serif; font-size: small;\">08.01.2016 &#8212; <span style=\"font-family: arial,helvetica,sans-serif; font-size: small;\"><span style=\"font-family: arial,helvetica,sans-serif; font-size: small;\">Der Schweizer Dirigent Philippe Jordan muss <span style=\"font-family: arial,helvetica,sans-serif; font-size: small;\"><span style=\"font-family: arial,helvetica,sans-serif; font-size: small;\"><span style=\"font-family: arial,helvetica,sans-serif; font-size: small;\"> im Januar und Anfang Februar<\/span> <\/span><\/span>alle Termine <span style=\"font-family: arial,helvetica,sans-serif; font-size: small;\"> als Leiter der Wiener Symphoniker aus gesundheitlichen Gr\u00fcnden<\/span> absagen.<\/span><\/span><\/span><\/strong><br \/><\/span><\/p>\n<p><span style=\"font-family: arial,helvetica,sans-serif; font-size: small;\">\u00a0<\/span><\/p>\n<p><span style=\"font-family: arial,helvetica,sans-serif; font-size: small;\">Ersetzt wird er f\u00fcr die betroffenen Konzerte der Wiener Symphoniker, darunter Auff\u00fchrungen im Wiener Konzerthaus, dem Musikverein Wien und im Rahmen einer Vier-L\u00e4nder Tournee durch Lahav Shani und Adrien Perruchon. <\/span><\/p>\n<p>\u00a0<\/p>\n<p><span style=\"font-family: arial,helvetica,sans-serif; font-size: small;\">Durch die personellen \u00c4nderungen wird auch das Programm der Konzerte abge\u00e4ndert: Im Wiener Konzerthaus, Bregenz, Frankfurt und M\u00fcnchen wird Lahav Shani statt der geplanten Zweiten Symphonie von Schumann nun Brahms Vierte Symphonie dirigieren; bei den von Adrien Perruchon geleiteten Konzerten in Essen und Mannheim wird statt Brahms Zweiter Symphonie Schumanns Zweite Symphonie erklingen. Das Programm im Musikverein Wien sowie in Stuttgart, Hamburg, K\u00f6ln und Freiburg bleibt unver\u00e4ndert. <em>(cf)<\/em>\u00a0 <\/span><\/p>\n<p><span style=\"font-family: arial,helvetica,sans-serif; font-size: small;\">\u00a0<\/span><\/p>\n","protected":false},"excerpt":{"rendered":"<p><span style=\"font-family: arial,helvetica,sans-serif; font-size: small;\">08.01.2016 &#8211;Der Schweizer Dirigent Philippe Jordan muss <span style=\"font-family: arial,helvetica,sans-serif; font-size: small;\"><span style=\"font-family: arial,helvetica,sans-serif; font-size: small;\"><span style=\"font-family: arial,helvetica,sans-serif; font-size: small;\"> im Januar und Anfang Februar<\/span> <\/span><\/span>alle Termine <span style=\"font-family: arial,helvetica,sans-serif; font-size: small;\"> als Leiter der Wiener Symphoniker aus gesundheitlichen Gr\u00fcnden<\/span> absagen.<\/span><\/p>\n","protected":false},"author":1,"featured_media":0,"comment_status":"open","ping_status":"open","sticky":false,"template":"","format":"standard","meta":{"footnotes":""},"categories":[2],"tags":[],"class_list":["post-2720","post","type-post","status-publish","format-standard","hentry","category-nachrichten","entry"],"_links":{"self":[{"href":"https:\/\/codexflores.ch\/index.php\/wp-json\/wp\/v2\/posts\/2720","targetHints":{"allow":["GET"]}}],"collection":[{"href":"https:\/\/codexflores.ch\/index.php\/wp-json\/wp\/v2\/posts"}],"about":[{"href":"https:\/\/codexflores.ch\/index.php\/wp-json\/wp\/v2\/types\/post"}],"author":[{"embeddable":true,"href":"https:\/\/codexflores.ch\/index.php\/wp-json\/wp\/v2\/users\/1"}],"replies":[{"embeddable":true,"href":"https:\/\/codexflores.ch\/index.php\/wp-json\/wp\/v2\/comments?post=2720"}],"version-history":[{"count":0,"href":"https:\/\/codexflores.ch\/index.php\/wp-json\/wp\/v2\/posts\/2720\/revisions"}],"wp:attachment":[{"href":"https:\/\/codexflores.ch\/index.php\/wp-json\/wp\/v2\/media?parent=2720"}],"wp:term":[{"taxonomy":"category","embeddable":true,"href":"https:\/\/codexflores.ch\/index.php\/wp-json\/wp\/v2\/categories?post=2720"},{"taxonomy":"post_tag","embeddable":true,"href":"https:\/\/codexflores.ch\/index.php\/wp-json\/wp\/v2\/tags?post=2720"}],"curies":[{"name":"wp","href":"https:\/\/api.w.org\/{rel}","templated":true}]}}