{"id":2721,"date":"2016-01-11T07:12:11","date_gmt":"2016-01-11T07:12:11","guid":{"rendered":"https:\/\/codexflores.ch\/index.php\/2016\/01\/11\/jonas-kaufmann-kaempft-mit-sinusitis\/"},"modified":"2016-01-11T07:12:11","modified_gmt":"2016-01-11T07:12:11","slug":"jonas-kaufmann-kaempft-mit-sinusitis","status":"publish","type":"post","link":"https:\/\/codexflores.ch\/index.php\/2016\/01\/11\/jonas-kaufmann-kaempft-mit-sinusitis\/","title":{"rendered":"Jonas Kaufmann k\u00e4mpft mit Sinusitis"},"content":{"rendered":"<p><span style=\"font-family: arial,helvetica,sans-serif; font-size: small;\">11.01.2016 &#8212; Der Tenor Jonas Kaufmann sagt nach Auftritten in der New Yorker Met und und in Londons Covent Garden nun auch solche im Teatro Real in Madrid ab. Grund ist eine Sinusitis.<\/span><\/p>\n<p><span style=\"font-family: arial,helvetica,sans-serif; font-size: small;\"><strong>11.01.2016 &#8212; Der Tenor Jonas Kaufmann sagt nach Auftritten in der New Yorker Met und und in Londons Covent Garden nun auch solche im Teatro Real in Madrid ab. Grund ist eine Sinusitis.<\/strong><\/span><\/p>\n<p>\u00a0<\/p>\n<p><span style=\"font-family: arial,helvetica,sans-serif; font-size: small;\">Kaufmann h\u00e4tte in Madrid anl\u00e4sslich der (selbstredend ausverkauften) Feierlichkeiten zum 200-j\u00e4hrigen Bestehen des Teatro Real auftreten sollen.\u00a0<\/span><\/p>\n<p>\u00a0<\/p>\n<p><span style=\"font-family: arial,helvetica,sans-serif; font-size: small;\">Bereits im Dezember hatte er ein Konzert in Mannheim auf dem 13. Januar verschieben m\u00fcssen. Zudem ist am 31. Januar ein Rezital in New York geplant.\u00a0 <em>(cf)<\/em> <\/span><\/p>\n<p>\u00a0<\/p>\n<p>\u00a0<\/p>\n","protected":false},"excerpt":{"rendered":"<p><span style=\"font-family: arial,helvetica,sans-serif; font-size: small;\">11.01.2016 &#8212; Der Tenor Jonas Kaufmann sagt nach Auftritten in der New Yorker Met und und in Londons Covent Garden nun auch solche im Teatro Real in Madrid ab. Grund ist eine Sinusitis.<\/span><\/p>\n","protected":false},"author":1,"featured_media":0,"comment_status":"open","ping_status":"open","sticky":false,"template":"","format":"standard","meta":{"footnotes":""},"categories":[2],"tags":[],"class_list":["post-2721","post","type-post","status-publish","format-standard","hentry","category-nachrichten","entry"],"_links":{"self":[{"href":"https:\/\/codexflores.ch\/index.php\/wp-json\/wp\/v2\/posts\/2721","targetHints":{"allow":["GET"]}}],"collection":[{"href":"https:\/\/codexflores.ch\/index.php\/wp-json\/wp\/v2\/posts"}],"about":[{"href":"https:\/\/codexflores.ch\/index.php\/wp-json\/wp\/v2\/types\/post"}],"author":[{"embeddable":true,"href":"https:\/\/codexflores.ch\/index.php\/wp-json\/wp\/v2\/users\/1"}],"replies":[{"embeddable":true,"href":"https:\/\/codexflores.ch\/index.php\/wp-json\/wp\/v2\/comments?post=2721"}],"version-history":[{"count":0,"href":"https:\/\/codexflores.ch\/index.php\/wp-json\/wp\/v2\/posts\/2721\/revisions"}],"wp:attachment":[{"href":"https:\/\/codexflores.ch\/index.php\/wp-json\/wp\/v2\/media?parent=2721"}],"wp:term":[{"taxonomy":"category","embeddable":true,"href":"https:\/\/codexflores.ch\/index.php\/wp-json\/wp\/v2\/categories?post=2721"},{"taxonomy":"post_tag","embeddable":true,"href":"https:\/\/codexflores.ch\/index.php\/wp-json\/wp\/v2\/tags?post=2721"}],"curies":[{"name":"wp","href":"https:\/\/api.w.org\/{rel}","templated":true}]}}