{"id":2723,"date":"2016-01-12T06:51:33","date_gmt":"2016-01-12T06:51:33","guid":{"rendered":"https:\/\/codexflores.ch\/index.php\/2016\/01\/12\/operettenpreis-geht-an-dominic-limburg\/"},"modified":"2016-01-12T06:51:33","modified_gmt":"2016-01-12T06:51:33","slug":"operettenpreis-geht-an-dominic-limburg","status":"publish","type":"post","link":"https:\/\/codexflores.ch\/index.php\/2016\/01\/12\/operettenpreis-geht-an-dominic-limburg\/","title":{"rendered":"Operettenpreis geht an Dominic Limburg"},"content":{"rendered":"<p><span style=\"font-family: arial,helvetica,sans-serif; font-size: small;\">12.01.2016 &#8212; Der Deutsche Musikrat und die Oper Leipzig haben mit dem Deutschen Operettenpreis f\u00fcr junge Dirigenten zum achten Mal einen jungen Dirigenten f\u00fcr seine Leistung im Operettenfach ausgezeichnet. Er geht heuer an Dominic Limburg, einen Absolventen der Z\u00fcrcher Hochschule der K\u00fcnste.<\/span><\/p>\n<p><span style=\"font-family: arial,helvetica,sans-serif; font-size: small;\"><strong>12.01.2016 &#8212; <span style=\"font-family: arial,helvetica,sans-serif; font-size: small;\">Der Deutsche Musikrat und die Oper Leipzig haben mit dem Deutschen Operettenpreis f\u00fcr junge Dirigenten zum achten Mal einen jungen Dirigenten f\u00fcr seine Leistung im Operettenfach ausgezeichnet. Er geht heuer an Dominic Limburg, einen Absolventen der Z\u00fcrcher Hochschule der K\u00fcnste.<\/span><br \/><\/strong><\/span><\/p>\n<p><span style=\"font-family: arial,helvetica,sans-serif; font-size: small;\">\u00a0<\/span><\/p>\n<p><span style=\"font-family: arial,helvetica,sans-serif; font-size: small;\">Dominic Limburg studierte zun\u00e4chst Klavier und Gesang, bevor er 2013 seine Dirigierausbildung bei Johannes Schlaefli an der Z\u00fcrcher Hochschule der K\u00fcnste aufnahm. 2014 leitete er ein Schulkonzert des Berner Symphonieorchesters, dirigierte eine Vorstellung von Smetanas \u00abDie verkaufte Braut\u00bb in Teplice und \u00fcbernahm die Musikalische Leitung bei Pergolesis \u00abLa Serva Padrona\u00bb im Rahmen des R\u00fcttihubeliade-Festivals in Bern.<\/span><\/p>\n<p><span style=\"font-family: arial,helvetica,sans-serif; font-size: small;\">\u00a0<\/span><\/p>\n<p><span style=\"font-family: arial,helvetica,sans-serif; font-size: small;\">Dar\u00fcber hinaus assistierte er bei Produktionen an der Z\u00fcrcher Hochschule der K\u00fcnste sowie am Theater Biel-Solothurn. 2015 f\u00fchrte ihn ein Gastdirigat unter anderem zum Orquestra Experimental de Repert\u00f3rio nach S\u00e3o Paulo. Dominic Limburg wird seit 2015 durch das Dirigentenforum gef\u00f6rdert.\u00a0 (cf)<\/span><\/p>\n<p>\u00a0<\/p>\n","protected":false},"excerpt":{"rendered":"<p><span style=\"font-family: arial,helvetica,sans-serif; font-size: small;\">12.01.2016 &#8212; Der Deutsche Musikrat und die Oper Leipzig haben mit dem Deutschen Operettenpreis f\u00fcr junge Dirigenten zum achten Mal einen jungen Dirigenten f\u00fcr seine Leistung im Operettenfach ausgezeichnet. Er geht heuer an Dominic Limburg, einen Absolventen der Z\u00fcrcher Hochschule der K\u00fcnste.<\/span><\/p>\n","protected":false},"author":1,"featured_media":0,"comment_status":"open","ping_status":"open","sticky":false,"template":"","format":"standard","meta":{"footnotes":""},"categories":[2],"tags":[],"class_list":["post-2723","post","type-post","status-publish","format-standard","hentry","category-nachrichten","entry"],"_links":{"self":[{"href":"https:\/\/codexflores.ch\/index.php\/wp-json\/wp\/v2\/posts\/2723","targetHints":{"allow":["GET"]}}],"collection":[{"href":"https:\/\/codexflores.ch\/index.php\/wp-json\/wp\/v2\/posts"}],"about":[{"href":"https:\/\/codexflores.ch\/index.php\/wp-json\/wp\/v2\/types\/post"}],"author":[{"embeddable":true,"href":"https:\/\/codexflores.ch\/index.php\/wp-json\/wp\/v2\/users\/1"}],"replies":[{"embeddable":true,"href":"https:\/\/codexflores.ch\/index.php\/wp-json\/wp\/v2\/comments?post=2723"}],"version-history":[{"count":0,"href":"https:\/\/codexflores.ch\/index.php\/wp-json\/wp\/v2\/posts\/2723\/revisions"}],"wp:attachment":[{"href":"https:\/\/codexflores.ch\/index.php\/wp-json\/wp\/v2\/media?parent=2723"}],"wp:term":[{"taxonomy":"category","embeddable":true,"href":"https:\/\/codexflores.ch\/index.php\/wp-json\/wp\/v2\/categories?post=2723"},{"taxonomy":"post_tag","embeddable":true,"href":"https:\/\/codexflores.ch\/index.php\/wp-json\/wp\/v2\/tags?post=2723"}],"curies":[{"name":"wp","href":"https:\/\/api.w.org\/{rel}","templated":true}]}}